{"id":22285,"date":"2019-03-16T16:57:28","date_gmt":"2019-03-16T20:57:28","guid":{"rendered":"https:\/\/linitiative.ca\/International\/depart-depuis-nice-du-rallye-aicha-des-gazelles\/"},"modified":"2019-03-16T16:57:28","modified_gmt":"2019-03-16T20:57:28","slug":"depart-depuis-nice-du-rallye-aicha-des-gazelles","status":"publish","type":"post","link":"https:\/\/linitiative.ca\/International\/depart-depuis-nice-du-rallye-aicha-des-gazelles\/","title":{"rendered":"D\u00e9part depuis Nice du rallye Aicha des Gazelles"},"content":{"rendered":"<p>Le coup d\u2019envoi du rallye <strong>Aicha des Gazelles<\/strong> du Maroc, seul Rallye-Raid hors-piste 100% f\u00e9minin au monde, a \u00e9t\u00e9 donn\u00e9 samedi apr\u00e8s midi depuis la ville de Nice sur la c\u00f4te d\u2019Azur.<\/p>\n<div class=\"c10\"\/>\n<p>Unique en son genre, cet incomparable rallye rassemble chaque ann\u00e9e, depuis 1990, des femmes de 18 \u00e0 71 ans et de nationalit\u00e9s diff\u00e9rentes dans le d\u00e9sert marocain.<\/p>\n<p>Pour la cinqui\u00e8me ann\u00e9e cons\u00e9cutive, la ville de <strong>Nice<\/strong> a accueillie le village d\u00e9part du Rallye A\u00efcha des Gazelles du Maroc, rapportent des m\u00e9dias locaux.<\/p>\n<p>Le rallye, qui en est \u00e0 sa 29e \u00e9dition, s\u2019est \u00e9lanc\u00e9 \u00e0 destination de S\u00e8te o\u00f9 les \u00e9quipages europ\u00e9ens engag\u00e9s vont embarquer ce soir pour quatorze jours d\u2019aventure au Maroc. Ils vont rejoindre \u00e0 Essaouira les \u00e9quipages non-europ\u00e9ens, pour une aventure unique du genre et o\u00f9 les vraies valeurs de tol\u00e9rance, de solidarit\u00e9, de pers\u00e9v\u00e9rance se partagent.<\/p>\n<p>Le Rallye A\u00efcha des Gazelles du <strong>Maroc<\/strong>, qui se poursuivra jusqu\u2019au 30 mars courant, d\u00e9veloppe depuis sa naissance une autre vision de la comp\u00e9tition automobile : pas de vitesse, pas de GPS mais une navigation \u00e0 l\u2019ancienne, uniquement en hors-piste pour un retour aux sources de l\u2019aventure.<\/p>\n<p>Aux commandes d\u2019un 4\u00d74, d\u2019un crossover, d\u2019un crossover hybride, d\u2019un quad, d\u2019un SSV, d\u2019un camion, d\u2019une moto ou d\u2019un v\u00e9hicule \u00e9lectrique, les participantes vont devoir surpasser leurs limites et faire preuve de pers\u00e9v\u00e9rance et de d\u00e9termination pour parcourir plus de 1500 Km, en dunes, avec seulement des cartes, des boussoles, des r\u00e8gles et crayons pour s\u2019orienter et surtout trouver le chemin le plus court en un minimum de temps. Un d\u00e9fi qu\u2019elles sont nombreuses \u00e0 vouloir relever chaque ann\u00e9e depuis pr\u00e8s de 30 ans.<\/p>\n<div class=\"c17\">\n<fieldset class=\"c16\">\n<legend><strong><span class=\"c11\">Challenge<\/span><span class=\"c12\">news<\/span><\/strong><\/legend>\n<div class=\"c15\">Le meilleur de la r\u00e9daction s\u00e9lectionn\u00e9 par Challenge :<\/p>\n<\/div>\n<\/fieldset>\n<\/div>\n<p>Auteur: challenge<br \/>\n<a href=\"https:\/\/www.challenge.ma\/depart-depuis-nice-du-rallye-aicha-des-gazelles-106257\/\">Cliquez ici pour lire l&rsquo;article depuis sa source.<\/a><\/p>\n","protected":false},"excerpt":{"rendered":"<p>Le coup d\u2019envoi du rallye Aicha des Gazelles du Maroc, seul Rallye-Raid hors-piste 100% f\u00e9minin au monde, a \u00e9t\u00e9 donn\u00e9 samedi apr\u00e8s midi depuis la ville de Nice sur la c\u00f4te d\u2019Azur. Unique en son genre, cet incomparable rallye rassemble chaque ann\u00e9e, depuis 1990, des femmes de 18 \u00e0 71 ans et de nationalit\u00e9s diff\u00e9rentes [&hellip;]<\/p>\n","protected":false},"author":1787,"featured_media":0,"comment_status":"closed","ping_status":"closed","sticky":false,"template":"","format":"standard","meta":{"fifu_image_url":"","fifu_image_alt":"","footnotes":""},"categories":[78,54],"tags":[],"class_list":["post-22285","post","type-post","status-publish","format-standard","hentry","category-economie","category-maroc"],"_links":{"self":[{"href":"https:\/\/linitiative.ca\/International\/wp-json\/wp\/v2\/posts\/22285","targetHints":{"allow":["GET"]}}],"collection":[{"href":"https:\/\/linitiative.ca\/International\/wp-json\/wp\/v2\/posts"}],"about":[{"href":"https:\/\/linitiative.ca\/International\/wp-json\/wp\/v2\/types\/post"}],"author":[{"embeddable":true,"href":"https:\/\/linitiative.ca\/International\/wp-json\/wp\/v2\/users\/1787"}],"replies":[{"embeddable":true,"href":"https:\/\/linitiative.ca\/International\/wp-json\/wp\/v2\/comments?post=22285"}],"version-history":[{"count":0,"href":"https:\/\/linitiative.ca\/International\/wp-json\/wp\/v2\/posts\/22285\/revisions"}],"wp:attachment":[{"href":"https:\/\/linitiative.ca\/International\/wp-json\/wp\/v2\/media?parent=22285"}],"wp:term":[{"taxonomy":"category","embeddable":true,"href":"https:\/\/linitiative.ca\/International\/wp-json\/wp\/v2\/categories?post=22285"},{"taxonomy":"post_tag","embeddable":true,"href":"https:\/\/linitiative.ca\/International\/wp-json\/wp\/v2\/tags?post=22285"}],"curies":[{"name":"wp","href":"https:\/\/api.w.org\/{rel}","templated":true}]}}