{"id":22286,"date":"2019-03-16T05:24:10","date_gmt":"2019-03-16T09:24:10","guid":{"rendered":"https:\/\/linitiative.ca\/International\/tunisie-442-millions-de-dinars-dappui-de-la-berd-aux-pme\/"},"modified":"2019-03-16T05:24:10","modified_gmt":"2019-03-16T09:24:10","slug":"tunisie-442-millions-de-dinars-dappui-de-la-berd-aux-pme","status":"publish","type":"post","link":"https:\/\/linitiative.ca\/International\/tunisie-442-millions-de-dinars-dappui-de-la-berd-aux-pme\/","title":{"rendered":"Tunisie: 44,2 millions de dinars d\u2019appui de la BERD aux PME"},"content":{"rendered":"<div class=\"post-cont-in left relative\">\n<div class=\"nc_socialPanel swp_flatFresh swp_d_fullColor swp_i_fullColor swp_o_fullColor scale-100 scale-fullWidth\" data-position=\"none\" data-float=\"floatNone\" data-count=\"5\" data-floatcolor=\"#ffffff\" data-emphasize=\"0\">\n<div class=\"nc_tweetContainer totes totesalt\" data-id=\"6\"><span class=\"swp_count\"><span class=\"swp_label\">Partages<\/span> 11<\/span><\/div>\n<\/div>\n<p>La Banque europ\u00e9enne pour la reconstruction et le d\u00e9veloppement (BERD) a annonc\u00e9, dans un communiqu\u00e9 rendu public ce vendredi, 15 mars, avoir accord\u00e9 un cr\u00e9dit de 13 millions d\u2019euros (pr\u00e8s de 44,2 millions de dinars) \u00e0 l\u2019Arab Tunisian Lease (ATL), pour appuyer les pr\u00eats aux PME. Ce financement libell\u00e9 en dinar tunisien, permettra d\u2019encourager le financement de ces derni\u00e8res.<\/p>\n<p>La BERD affirme que \u201cdans un pays o\u00f9 l\u2019acc\u00e8s au financement et \u00e0 la liquidit\u00e9 restent des obstacles \u00e0 la croissance des entreprises priv\u00e9es, son pr\u00eat permettra \u00e0 l\u2019ATL de fournir un financement \u00e0 long terme aux petites entreprises. ATL accordera, \u00e0 son tour, des pr\u00eats pour financer l\u2019acquisition d\u2019\u00e9quipements, de v\u00e9hicules utilitaires l\u00e9gers, de camions, de remorques et de biens immobiliers\u201d.<\/p>\n<div class=\"code-block code-block-1 c3\"><ins class=\"adsbygoogle c2\" data-ad-layout=\"in-article\" data-ad-format=\"fluid\" data-ad-client=\"ca-pub-2102118777505746\" data-ad-slot=\"7301775417\"\/> <\/div>\n<div class=\"mvp-org-wrap mvp-org-logo\" itemprop=\"publisher\" itemscope=\"\" itemtype=\"https:\/\/schema.org\/Organization\"><img decoding=\"async\" src=\"https:\/\/www.tunisienumerique.com\/wp-content\/uploads\/2017\/02\/logo_tunisie_numerique.png\"\/><\/div>\n<div class=\"nc_socialPanel swp_flatFresh swp_d_fullColor swp_i_fullColor swp_o_fullColor scale-100 scale-fullWidth\" data-position=\"none\" data-float=\"floatNone\" data-count=\"5\" data-floatcolor=\"#ffffff\" data-emphasize=\"0\">\n<div class=\"nc_tweetContainer totes totesalt\" data-id=\"6\"><span class=\"swp_count\"><span class=\"swp_label\">Partages<\/span> 11<\/span><\/div>\n<\/div>\n<div class=\"mvp-related-posts left relative\">\n<h4 class=\"post-header\"><span class=\"post-header\">Lire aussi<\/span><\/h4>\n<\/div>\n<\/div>\n<p>Auteur: Mourad S<br \/>\n<a href=\"https:\/\/www.tunisienumerique.com\/tunisie-442-millions-de-dinars-dappui-de-la-berd-aux-pme\/\">Cliquez ici pour lire l&rsquo;article depuis sa source.<\/a><\/p>\n","protected":false},"excerpt":{"rendered":"<p>Partages 11 La Banque europ\u00e9enne pour la reconstruction et le d\u00e9veloppement (BERD) a annonc\u00e9, dans un communiqu\u00e9 rendu public ce vendredi, 15 mars, avoir accord\u00e9 un cr\u00e9dit de 13 millions d\u2019euros (pr\u00e8s de 44,2 millions de dinars) \u00e0 l\u2019Arab Tunisian Lease (ATL), pour appuyer les pr\u00eats aux PME. Ce financement libell\u00e9 en dinar tunisien, permettra [&hellip;]<\/p>\n","protected":false},"author":1789,"featured_media":22287,"comment_status":"closed","ping_status":"closed","sticky":false,"template":"","format":"standard","meta":{"fifu_image_url":"","fifu_image_alt":"","footnotes":""},"categories":[73,55],"tags":[],"class_list":["post-22286","post","type-post","status-publish","format-standard","has-post-thumbnail","hentry","category-actualite","category-tunisie"],"_links":{"self":[{"href":"https:\/\/linitiative.ca\/International\/wp-json\/wp\/v2\/posts\/22286","targetHints":{"allow":["GET"]}}],"collection":[{"href":"https:\/\/linitiative.ca\/International\/wp-json\/wp\/v2\/posts"}],"about":[{"href":"https:\/\/linitiative.ca\/International\/wp-json\/wp\/v2\/types\/post"}],"author":[{"embeddable":true,"href":"https:\/\/linitiative.ca\/International\/wp-json\/wp\/v2\/users\/1789"}],"replies":[{"embeddable":true,"href":"https:\/\/linitiative.ca\/International\/wp-json\/wp\/v2\/comments?post=22286"}],"version-history":[{"count":0,"href":"https:\/\/linitiative.ca\/International\/wp-json\/wp\/v2\/posts\/22286\/revisions"}],"wp:featuredmedia":[{"embeddable":true,"href":"https:\/\/linitiative.ca\/International\/wp-json\/"}],"wp:attachment":[{"href":"https:\/\/linitiative.ca\/International\/wp-json\/wp\/v2\/media?parent=22286"}],"wp:term":[{"taxonomy":"category","embeddable":true,"href":"https:\/\/linitiative.ca\/International\/wp-json\/wp\/v2\/categories?post=22286"},{"taxonomy":"post_tag","embeddable":true,"href":"https:\/\/linitiative.ca\/International\/wp-json\/wp\/v2\/tags?post=22286"}],"curies":[{"name":"wp","href":"https:\/\/api.w.org\/{rel}","templated":true}]}}