{"id":22288,"date":"2019-03-16T05:44:15","date_gmt":"2019-03-16T09:44:15","guid":{"rendered":"https:\/\/linitiative.ca\/International\/tunisie-arrestation-de-9-personnes-pour-tentative-de-migration-clandestine-a-la-goulette\/"},"modified":"2019-03-16T05:44:15","modified_gmt":"2019-03-16T09:44:15","slug":"tunisie-arrestation-de-9-personnes-pour-tentative-de-migration-clandestine-a-la-goulette","status":"publish","type":"post","link":"https:\/\/linitiative.ca\/International\/tunisie-arrestation-de-9-personnes-pour-tentative-de-migration-clandestine-a-la-goulette\/","title":{"rendered":"Tunisie: Arrestation de 9 personnes pour tentative de migration clandestine \u00e0 la Goulette"},"content":{"rendered":"<div class=\"post-cont-in left relative\">\n<div class=\"nc_socialPanel swp_flatFresh swp_d_fullColor swp_i_fullColor swp_o_fullColor scale-100 scale-fullWidth\" data-position=\"none\" data-float=\"floatNone\" data-count=\"5\" data-floatcolor=\"#ffffff\" data-emphasize=\"0\">\n<div class=\"nc_tweetContainer totes totesalt\" data-id=\"6\"><span class=\"swp_count\"><span class=\"swp_label\">Partages<\/span> 25<\/span><\/div>\n<\/div>\n<p>Une patrouille de l\u2019\u00e9quipe navale de la garde nationale de la Goulette a intercept\u00e9 pr\u00e8s du port commercial, 9 personnes originaires des gouvernorats de Tunis et Kairouan qui avaient l\u2019intention de migrer clandestinement.<\/p>\n<p>En consultation avec le minist\u00e8re public, les services de la marine de la garde nationale a engag\u00e9 une proc\u00e9dure en justice relative \u00e0 une tentative de franchissement ill\u00e9gale des fronti\u00e8res maritimes.<\/p>\n<div class=\"code-block code-block-1 c3\"><ins class=\"adsbygoogle c2\" data-ad-layout=\"in-article\" data-ad-format=\"fluid\" data-ad-client=\"ca-pub-2102118777505746\" data-ad-slot=\"7301775417\"\/> <\/div>\n<div class=\"mvp-org-wrap mvp-org-logo\" itemprop=\"publisher\" itemscope=\"\" itemtype=\"https:\/\/schema.org\/Organization\"><img decoding=\"async\" src=\"https:\/\/www.tunisienumerique.com\/wp-content\/uploads\/2017\/02\/logo_tunisie_numerique.png\"\/><\/div>\n<div class=\"nc_socialPanel swp_flatFresh swp_d_fullColor swp_i_fullColor swp_o_fullColor scale-100 scale-fullWidth\" data-position=\"none\" data-float=\"floatNone\" data-count=\"5\" data-floatcolor=\"#ffffff\" data-emphasize=\"0\">\n<div class=\"nc_tweetContainer totes totesalt\" data-id=\"6\"><span class=\"swp_count\"><span class=\"swp_label\">Partages<\/span> 25<\/span><\/div>\n<\/div>\n<div class=\"mvp-related-posts left relative\">\n<h4 class=\"post-header\"><span class=\"post-header\">Lire aussi<\/span><\/h4>\n<\/div>\n<\/div>\n<p>Auteur: Mourad S<br \/>\n<a href=\"https:\/\/www.tunisienumerique.com\/tunisie-arrestation-de-9-personnes-pour-tentative-de-migration-clandestine-a-la-goulette\/\">Cliquez ici pour lire l&rsquo;article depuis sa source.<\/a><\/p>\n","protected":false},"excerpt":{"rendered":"<p>Partages 25 Une patrouille de l\u2019\u00e9quipe navale de la garde nationale de la Goulette a intercept\u00e9 pr\u00e8s du port commercial, 9 personnes originaires des gouvernorats de Tunis et Kairouan qui avaient l\u2019intention de migrer clandestinement. En consultation avec le minist\u00e8re public, les services de la marine de la garde nationale a engag\u00e9 une proc\u00e9dure en [&hellip;]<\/p>\n","protected":false},"author":1789,"featured_media":22289,"comment_status":"closed","ping_status":"closed","sticky":false,"template":"","format":"standard","meta":{"fifu_image_url":"","fifu_image_alt":"","footnotes":""},"categories":[73,55],"tags":[],"class_list":["post-22288","post","type-post","status-publish","format-standard","has-post-thumbnail","hentry","category-actualite","category-tunisie"],"_links":{"self":[{"href":"https:\/\/linitiative.ca\/International\/wp-json\/wp\/v2\/posts\/22288","targetHints":{"allow":["GET"]}}],"collection":[{"href":"https:\/\/linitiative.ca\/International\/wp-json\/wp\/v2\/posts"}],"about":[{"href":"https:\/\/linitiative.ca\/International\/wp-json\/wp\/v2\/types\/post"}],"author":[{"embeddable":true,"href":"https:\/\/linitiative.ca\/International\/wp-json\/wp\/v2\/users\/1789"}],"replies":[{"embeddable":true,"href":"https:\/\/linitiative.ca\/International\/wp-json\/wp\/v2\/comments?post=22288"}],"version-history":[{"count":0,"href":"https:\/\/linitiative.ca\/International\/wp-json\/wp\/v2\/posts\/22288\/revisions"}],"wp:featuredmedia":[{"embeddable":true,"href":"https:\/\/linitiative.ca\/International\/wp-json\/"}],"wp:attachment":[{"href":"https:\/\/linitiative.ca\/International\/wp-json\/wp\/v2\/media?parent=22288"}],"wp:term":[{"taxonomy":"category","embeddable":true,"href":"https:\/\/linitiative.ca\/International\/wp-json\/wp\/v2\/categories?post=22288"},{"taxonomy":"post_tag","embeddable":true,"href":"https:\/\/linitiative.ca\/International\/wp-json\/wp\/v2\/tags?post=22288"}],"curies":[{"name":"wp","href":"https:\/\/api.w.org\/{rel}","templated":true}]}}