{"id":22290,"date":"2019-03-16T05:59:17","date_gmt":"2019-03-16T09:59:17","guid":{"rendered":"https:\/\/linitiative.ca\/International\/tunisie-retrait-du-medicament-oflomed-precisions-du-laboratoire-unimed\/"},"modified":"2019-03-16T05:59:17","modified_gmt":"2019-03-16T09:59:17","slug":"tunisie-retrait-du-medicament-oflomed-precisions-du-laboratoire-unimed","status":"publish","type":"post","link":"https:\/\/linitiative.ca\/International\/tunisie-retrait-du-medicament-oflomed-precisions-du-laboratoire-unimed\/","title":{"rendered":"Tunisie: Retrait du m\u00e9dicament Oflomed, pr\u00e9cisions du laboratoire UNIMED"},"content":{"rendered":"<div class=\"post-cont-in left relative\">\n<div class=\"nc_socialPanel swp_flatFresh swp_d_fullColor swp_i_fullColor swp_o_fullColor scale-100 scale-fullWidth\" data-position=\"none\" data-float=\"floatNone\" data-count=\"5\" data-floatcolor=\"#ffffff\" data-emphasize=\"0\">\n<div class=\"nc_tweetContainer totes totesalt\" data-id=\"6\"><span class=\"swp_count\"><span class=\"swp_label\">Partages<\/span> 51<\/span><\/div>\n<\/div>\n<p>Le laboratoire UNIMED a annonc\u00e9 avoir envoy\u00e9, le 28 f\u00e9vrier 2019, une correspondance au minist\u00e8re de la Sant\u00e9 pour lui demander de retirer du march\u00e9 un lot du m\u00e9dicament Oflomed en raison d\u2019une erreur d\u2019\u00e9tiquetage.<\/p>\n<p>Dans un communiqu\u00e9 publi\u00e9 vendredi, 15 mars, UNIMED affirme que cette erreur n\u2019affecte aucunement la qualit\u00e9 du m\u00e9dicament ni la sant\u00e9 du malade puisque le\u00a0rem\u00e8de est utilis\u00e9 comme collyre et gouttes auriculaires.<\/p>\n<div class=\"code-block code-block-1 c3\"><ins class=\"adsbygoogle c2\" data-ad-layout=\"in-article\" data-ad-format=\"fluid\" data-ad-client=\"ca-pub-2102118777505746\" data-ad-slot=\"7301775417\"\/> <\/div>\n<p>Cette requ\u00eate administrative t\u00e9moigne, selon la m\u00eame source, de la cr\u00e9dibilit\u00e9 du laboratoire, affirmant de poursuivre en justice quiconque diffuserait des informations erron\u00e9es sur ce produit.<\/p>\n<p>Le minist\u00e8re de la Sant\u00e9 avait ordonn\u00e9, le 1er mars 2019, le retrait imm\u00e9diat du march\u00e9 d\u2019un lot du m\u00e9dicament Oflomed fabriqu\u00e9 par le laboratoire UNIMED en raison d\u2019une erreur d\u2019\u00e9tiquetage.<\/p>\n<p>Le retrait a \u00e9t\u00e9 d\u00e9cid\u00e9 apr\u00e8s la d\u00e9tection d\u2019une non-conformit\u00e9 portant sur le texte imprim\u00e9 sur l\u2019\u00e9tui. Le m\u00e9dicament concerne une solution pour instillation auriculaire a \u00e9t\u00e9 not\u00e9 en tant que collyre.<\/p>\n<div class=\"mvp-org-wrap mvp-org-logo\" itemprop=\"publisher\" itemscope=\"\" itemtype=\"https:\/\/schema.org\/Organization\"><img decoding=\"async\" src=\"https:\/\/www.tunisienumerique.com\/wp-content\/uploads\/2017\/02\/logo_tunisie_numerique.png\"\/><\/div>\n<div class=\"nc_socialPanel swp_flatFresh swp_d_fullColor swp_i_fullColor swp_o_fullColor scale-100 scale-fullWidth\" data-position=\"none\" data-float=\"floatNone\" data-count=\"5\" data-floatcolor=\"#ffffff\" data-emphasize=\"0\">\n<div class=\"nc_tweetContainer totes totesalt\" data-id=\"6\"><span class=\"swp_count\"><span class=\"swp_label\">Partages<\/span> 51<\/span><\/div>\n<\/div>\n<div class=\"mvp-related-posts left relative\">\n<h4 class=\"post-header\"><span class=\"post-header\">Lire aussi<\/span><\/h4>\n<\/div>\n<\/div>\n<p>Auteur: Mourad S<br \/>\n<a href=\"https:\/\/www.tunisienumerique.com\/tunisie-retrait-du-medicament-oflomed-precisions-du-laboratoire-unimed\/\">Cliquez ici pour lire l&rsquo;article depuis sa source.<\/a><\/p>\n","protected":false},"excerpt":{"rendered":"<p>Partages 51 Le laboratoire UNIMED a annonc\u00e9 avoir envoy\u00e9, le 28 f\u00e9vrier 2019, une correspondance au minist\u00e8re de la Sant\u00e9 pour lui demander de retirer du march\u00e9 un lot du m\u00e9dicament Oflomed en raison d\u2019une erreur d\u2019\u00e9tiquetage. Dans un communiqu\u00e9 publi\u00e9 vendredi, 15 mars, UNIMED affirme que cette erreur n\u2019affecte aucunement la qualit\u00e9 du m\u00e9dicament [&hellip;]<\/p>\n","protected":false},"author":1789,"featured_media":22291,"comment_status":"closed","ping_status":"closed","sticky":false,"template":"","format":"standard","meta":{"fifu_image_url":"","fifu_image_alt":"","footnotes":""},"categories":[73,55],"tags":[],"class_list":["post-22290","post","type-post","status-publish","format-standard","has-post-thumbnail","hentry","category-actualite","category-tunisie"],"_links":{"self":[{"href":"https:\/\/linitiative.ca\/International\/wp-json\/wp\/v2\/posts\/22290","targetHints":{"allow":["GET"]}}],"collection":[{"href":"https:\/\/linitiative.ca\/International\/wp-json\/wp\/v2\/posts"}],"about":[{"href":"https:\/\/linitiative.ca\/International\/wp-json\/wp\/v2\/types\/post"}],"author":[{"embeddable":true,"href":"https:\/\/linitiative.ca\/International\/wp-json\/wp\/v2\/users\/1789"}],"replies":[{"embeddable":true,"href":"https:\/\/linitiative.ca\/International\/wp-json\/wp\/v2\/comments?post=22290"}],"version-history":[{"count":0,"href":"https:\/\/linitiative.ca\/International\/wp-json\/wp\/v2\/posts\/22290\/revisions"}],"wp:featuredmedia":[{"embeddable":true,"href":"https:\/\/linitiative.ca\/International\/wp-json\/"}],"wp:attachment":[{"href":"https:\/\/linitiative.ca\/International\/wp-json\/wp\/v2\/media?parent=22290"}],"wp:term":[{"taxonomy":"category","embeddable":true,"href":"https:\/\/linitiative.ca\/International\/wp-json\/wp\/v2\/categories?post=22290"},{"taxonomy":"post_tag","embeddable":true,"href":"https:\/\/linitiative.ca\/International\/wp-json\/wp\/v2\/tags?post=22290"}],"curies":[{"name":"wp","href":"https:\/\/api.w.org\/{rel}","templated":true}]}}