{"id":22292,"date":"2019-03-16T06:49:03","date_gmt":"2019-03-16T10:49:03","guid":{"rendered":"https:\/\/linitiative.ca\/International\/tunisie-incendie-dans-une-mosquee-a-kasserine\/"},"modified":"2019-03-16T06:49:03","modified_gmt":"2019-03-16T10:49:03","slug":"tunisie-incendie-dans-une-mosquee-a-kasserine","status":"publish","type":"post","link":"https:\/\/linitiative.ca\/International\/tunisie-incendie-dans-une-mosquee-a-kasserine\/","title":{"rendered":"Tunisie: Incendie dans une mosqu\u00e9e \u00e0 Kasserine"},"content":{"rendered":"<div class=\"post-cont-in left relative\">\n<div class=\"nc_socialPanel swp_flatFresh swp_d_fullColor swp_i_fullColor swp_o_fullColor scale-100 scale-fullWidth\" data-position=\"none\" data-float=\"floatNone\" data-count=\"5\" data-floatcolor=\"#ffffff\" data-emphasize=\"0\">\n<div class=\"nc_tweetContainer totes totesalt\" data-id=\"6\"><span class=\"swp_count\"><span class=\"swp_label\">Partages<\/span> 78<\/span><\/div>\n<\/div>\n<p>La\u00a0 mosqu\u00e9e El Abadela de la d\u00e9l\u00e9gation de Sbeitla dans le gouvernorat de Kasserine a \u00e9t\u00e9 enti\u00e8rement consum\u00e9e par un incendie qui s\u2019est d\u00e9clar\u00e9 samedi.<\/p>\n<p>Selon les premi\u00e8res donn\u00e9es disponibles c\u2019est un court-circuit qui est \u00e0 l\u2019origine du feu, a indiqu\u00e9 une source locale qui pr\u00e9cise que c\u2019est le gardien qui s\u2019est aper\u00e7u du sinistre et a alert\u00e9 la protection civile.<\/p>\n<div class=\"code-block code-block-1 c3\"><ins class=\"adsbygoogle c2\" data-ad-layout=\"in-article\" data-ad-format=\"fluid\" data-ad-client=\"ca-pub-2102118777505746\" data-ad-slot=\"7301775417\"\/> <\/div>\n<div class=\"mvp-org-wrap mvp-org-logo\" itemprop=\"publisher\" itemscope=\"\" itemtype=\"https:\/\/schema.org\/Organization\"><img decoding=\"async\" src=\"https:\/\/www.tunisienumerique.com\/wp-content\/uploads\/2017\/02\/logo_tunisie_numerique.png\"\/><\/div>\n<div class=\"nc_socialPanel swp_flatFresh swp_d_fullColor swp_i_fullColor swp_o_fullColor scale-100 scale-fullWidth\" data-position=\"none\" data-float=\"floatNone\" data-count=\"5\" data-floatcolor=\"#ffffff\" data-emphasize=\"0\">\n<div class=\"nc_tweetContainer totes totesalt\" data-id=\"6\"><span class=\"swp_count\"><span class=\"swp_label\">Partages<\/span> 78<\/span><\/div>\n<\/div>\n<div class=\"mvp-related-posts left relative\">\n<h4 class=\"post-header\"><span class=\"post-header\">Lire aussi<\/span><\/h4>\n<\/div>\n<\/div>\n<p>Auteur: Mourad S<br \/>\n<a href=\"https:\/\/www.tunisienumerique.com\/tunisie-incendie-dans-une-mosquee-a-kasserine\/\">Cliquez ici pour lire l&rsquo;article depuis sa source.<\/a><\/p>\n","protected":false},"excerpt":{"rendered":"<p>Partages 78 La\u00a0 mosqu\u00e9e El Abadela de la d\u00e9l\u00e9gation de Sbeitla dans le gouvernorat de Kasserine a \u00e9t\u00e9 enti\u00e8rement consum\u00e9e par un incendie qui s\u2019est d\u00e9clar\u00e9 samedi. Selon les premi\u00e8res donn\u00e9es disponibles c\u2019est un court-circuit qui est \u00e0 l\u2019origine du feu, a indiqu\u00e9 une source locale qui pr\u00e9cise que c\u2019est le gardien qui s\u2019est aper\u00e7u [&hellip;]<\/p>\n","protected":false},"author":1789,"featured_media":22293,"comment_status":"closed","ping_status":"closed","sticky":false,"template":"","format":"standard","meta":{"fifu_image_url":"","fifu_image_alt":"","footnotes":""},"categories":[73,55],"tags":[],"class_list":["post-22292","post","type-post","status-publish","format-standard","has-post-thumbnail","hentry","category-actualite","category-tunisie"],"_links":{"self":[{"href":"https:\/\/linitiative.ca\/International\/wp-json\/wp\/v2\/posts\/22292","targetHints":{"allow":["GET"]}}],"collection":[{"href":"https:\/\/linitiative.ca\/International\/wp-json\/wp\/v2\/posts"}],"about":[{"href":"https:\/\/linitiative.ca\/International\/wp-json\/wp\/v2\/types\/post"}],"author":[{"embeddable":true,"href":"https:\/\/linitiative.ca\/International\/wp-json\/wp\/v2\/users\/1789"}],"replies":[{"embeddable":true,"href":"https:\/\/linitiative.ca\/International\/wp-json\/wp\/v2\/comments?post=22292"}],"version-history":[{"count":0,"href":"https:\/\/linitiative.ca\/International\/wp-json\/wp\/v2\/posts\/22292\/revisions"}],"wp:featuredmedia":[{"embeddable":true,"href":"https:\/\/linitiative.ca\/International\/wp-json\/"}],"wp:attachment":[{"href":"https:\/\/linitiative.ca\/International\/wp-json\/wp\/v2\/media?parent=22292"}],"wp:term":[{"taxonomy":"category","embeddable":true,"href":"https:\/\/linitiative.ca\/International\/wp-json\/wp\/v2\/categories?post=22292"},{"taxonomy":"post_tag","embeddable":true,"href":"https:\/\/linitiative.ca\/International\/wp-json\/wp\/v2\/tags?post=22292"}],"curies":[{"name":"wp","href":"https:\/\/api.w.org\/{rel}","templated":true}]}}