{"id":22294,"date":"2019-03-16T07:35:34","date_gmt":"2019-03-16T11:35:34","guid":{"rendered":"https:\/\/linitiative.ca\/International\/tunisie-a-partir-du-1er-avril-il-est-possible-de-retirer-la-carte-didentite-nationale-au-consulat-de-marseille\/"},"modified":"2019-03-16T07:35:34","modified_gmt":"2019-03-16T11:35:34","slug":"tunisie-a-partir-du-1er-avril-il-est-possible-de-retirer-la-carte-didentite-nationale-au-consulat-de-marseille","status":"publish","type":"post","link":"https:\/\/linitiative.ca\/International\/tunisie-a-partir-du-1er-avril-il-est-possible-de-retirer-la-carte-didentite-nationale-au-consulat-de-marseille\/","title":{"rendered":"Tunisie: A partir du 1er avril, il est possible de retirer la carte d\u2019identit\u00e9 nationale au consulat de Marseille"},"content":{"rendered":"<div class=\"post-cont-in left relative\">\n<div class=\"nc_socialPanel swp_flatFresh swp_d_fullColor swp_i_fullColor swp_o_fullColor scale-100 scale-fullWidth\" data-position=\"none\" data-float=\"floatNone\" data-count=\"5\" data-floatcolor=\"#ffffff\" data-emphasize=\"0\">\n<div class=\"nc_tweetContainer totes totesalt\" data-id=\"6\"><span class=\"swp_count\"><span class=\"swp_label\">Partages<\/span> 76<\/span><\/div>\n<\/div>\n<p>Le d\u00e9put\u00e9 Riadh Jaidane a r\u00e9v\u00e9l\u00e9 que le service\u00a0qui d\u00e9livre la carte d\u2019identit\u00e9 nationale\u00a0aux\u00a0 Tunisiens \u00e0 l\u2019\u00e9tranger sera disponible au consulat g\u00e9n\u00e9ral \u00e0 Marseille, en France, \u00e0 partir d\u2019avril prochain.<\/p>\n<p>Jaidane a affirm\u00e9 vendredi soir, dans une d\u00e9claration \u00e0 l\u2019agence TAP que l\u2019offre de ce service au consulat de Marseille et auparavant au consulat de Paris est le r\u00e9sultat de plusieurs r\u00e9unions tenues en Tunisie avec les d\u00e9put\u00e9s de la Commission des affaires des Tunisiens de l\u2019\u00e9tranger, les services du minist\u00e8re de l\u2019Int\u00e9rieur, le directeur g\u00e9n\u00e9ral de la police technique et le directeur de la police frontali\u00e8re, assurant que le minist\u00e8re a promis depuis l\u2019ann\u00e9e derni\u00e8re d\u2019envoyer les \u00e9quipements d\u2019extraction de cartes et de former des agents sp\u00e9cialis\u00e9s \u00e0 cet effet.<\/p>\n<div class=\"code-block code-block-1 c3\"><ins class=\"adsbygoogle c2\" data-ad-layout=\"in-article\" data-ad-format=\"fluid\" data-ad-client=\"ca-pub-2102118777505746\" data-ad-slot=\"7301775417\"\/> <\/div>\n<p>Il a affirm\u00e9 que le lancement se fera du consulat g\u00e9n\u00e9ral \u00e0 Marseille apr\u00e8s l\u2019arriv\u00e9e de l\u2019agent comp\u00e9tent, qui d\u00e9butera ses fonctions d\u00e9but avril, dans l\u2019attente de fourni\u00a0cette prestation au consulat g\u00e9n\u00e9ral de Nice, puis au consulat g\u00e9n\u00e9ral de Lyon, Toulouse et Grenoble.<\/p>\n<div class=\"mvp-org-wrap mvp-org-logo\" itemprop=\"publisher\" itemscope=\"\" itemtype=\"https:\/\/schema.org\/Organization\"><img decoding=\"async\" src=\"https:\/\/www.tunisienumerique.com\/wp-content\/uploads\/2017\/02\/logo_tunisie_numerique.png\"\/><\/div>\n<div class=\"nc_socialPanel swp_flatFresh swp_d_fullColor swp_i_fullColor swp_o_fullColor scale-100 scale-fullWidth\" data-position=\"none\" data-float=\"floatNone\" data-count=\"5\" data-floatcolor=\"#ffffff\" data-emphasize=\"0\">\n<div class=\"nc_tweetContainer totes totesalt\" data-id=\"6\"><span class=\"swp_count\"><span class=\"swp_label\">Partages<\/span> 76<\/span><\/div>\n<\/div>\n<div class=\"mvp-related-posts left relative\">\n<h4 class=\"post-header\"><span class=\"post-header\">Lire aussi<\/span><\/h4>\n<\/div>\n<\/div>\n<p>Auteur: Mourad S<br \/>\n<a href=\"https:\/\/www.tunisienumerique.com\/tunisie-a-partir-du-1er-avril-il-est-possible-de-retirer-la-carte-didentite-nationale-au-consulat-de-marseille\/\">Cliquez ici pour lire l&rsquo;article depuis sa source.<\/a><\/p>\n","protected":false},"excerpt":{"rendered":"<p>Partages 76 Le d\u00e9put\u00e9 Riadh Jaidane a r\u00e9v\u00e9l\u00e9 que le service\u00a0qui d\u00e9livre la carte d\u2019identit\u00e9 nationale\u00a0aux\u00a0 Tunisiens \u00e0 l\u2019\u00e9tranger sera disponible au consulat g\u00e9n\u00e9ral \u00e0 Marseille, en France, \u00e0 partir d\u2019avril prochain. Jaidane a affirm\u00e9 vendredi soir, dans une d\u00e9claration \u00e0 l\u2019agence TAP que l\u2019offre de ce service au consulat de Marseille et auparavant au [&hellip;]<\/p>\n","protected":false},"author":1789,"featured_media":22295,"comment_status":"closed","ping_status":"closed","sticky":false,"template":"","format":"standard","meta":{"fifu_image_url":"","fifu_image_alt":"","footnotes":""},"categories":[73,55],"tags":[],"class_list":["post-22294","post","type-post","status-publish","format-standard","has-post-thumbnail","hentry","category-actualite","category-tunisie"],"_links":{"self":[{"href":"https:\/\/linitiative.ca\/International\/wp-json\/wp\/v2\/posts\/22294","targetHints":{"allow":["GET"]}}],"collection":[{"href":"https:\/\/linitiative.ca\/International\/wp-json\/wp\/v2\/posts"}],"about":[{"href":"https:\/\/linitiative.ca\/International\/wp-json\/wp\/v2\/types\/post"}],"author":[{"embeddable":true,"href":"https:\/\/linitiative.ca\/International\/wp-json\/wp\/v2\/users\/1789"}],"replies":[{"embeddable":true,"href":"https:\/\/linitiative.ca\/International\/wp-json\/wp\/v2\/comments?post=22294"}],"version-history":[{"count":0,"href":"https:\/\/linitiative.ca\/International\/wp-json\/wp\/v2\/posts\/22294\/revisions"}],"wp:featuredmedia":[{"embeddable":true,"href":"https:\/\/linitiative.ca\/International\/wp-json\/"}],"wp:attachment":[{"href":"https:\/\/linitiative.ca\/International\/wp-json\/wp\/v2\/media?parent=22294"}],"wp:term":[{"taxonomy":"category","embeddable":true,"href":"https:\/\/linitiative.ca\/International\/wp-json\/wp\/v2\/categories?post=22294"},{"taxonomy":"post_tag","embeddable":true,"href":"https:\/\/linitiative.ca\/International\/wp-json\/wp\/v2\/tags?post=22294"}],"curies":[{"name":"wp","href":"https:\/\/api.w.org\/{rel}","templated":true}]}}