{"id":22306,"date":"2019-03-16T09:50:01","date_gmt":"2019-03-16T13:50:01","guid":{"rendered":"https:\/\/linitiative.ca\/International\/et-la-prochaine-fois-les-musulmans-de-christchurch-choques-et-inquiets\/"},"modified":"2019-03-16T09:50:01","modified_gmt":"2019-03-16T13:50:01","slug":"et-la-prochaine-fois-les-musulmans-de-christchurch-choques-et-inquiets","status":"publish","type":"post","link":"https:\/\/linitiative.ca\/International\/et-la-prochaine-fois-les-musulmans-de-christchurch-choques-et-inquiets\/","title":{"rendered":"\u00ab\u00a0Et la prochaine fois?\u00a0\u00bb Les musulmans de Christchurch choqu\u00e9s et inquiets"},"content":{"rendered":"<div readability=\"32\">\n<p>Publi\u00e9 le 16.03.2019 \u00e0 14h50 par AFP<\/p>\n<\/div>\n<div readability=\"140\">\n<p>Dans le principal centre pour les familles des victimes de l\u2019attaque des mosqu\u00e9es \u00e0 Christchurch, des musulmans de toutes origines s\u2019\u00e9treignent et refoulent leurs larmes en \u00e9changeant des nouvelles de leurs proches.<\/p>\n<p>Azan Ali, 43 ans, d\u2019origine fidjienne, \u00e9tait dans la mosqu\u00e9e Linwood avec son p\u00e8re quand l\u2019attaque par un extr\u00e9miste de droite s\u2019est produite vendredi, y faisant sept morts. Il tremble en repensant au claquement des tirs.<\/p>\n<p>Je me suis dit, \u00ab\u00a0est-ce que je vais revoir mes parents, mes enfants, mes proches? Tous ces gens avec qui vous priez, que vous voyez \u00e0 c\u00f4t\u00e9 de vous\u2026\u00a0\u00bb, souffle-t-il.<\/p>\n<p>\u00ab\u00a0Mes enfants ont peur. Il faut faire front, en tant que communaut\u00e9\u00a0\u00bb, ajoute cet homme, abasourdi comme beaucoup de musulmans, qui repr\u00e9sentent 1% de la population n\u00e9o-z\u00e9landaise, par ce d\u00e9ferlement de violence.<\/p>\n<p>Au total, 49 fid\u00e8les ont \u00e9t\u00e9 tu\u00e9s dans les attaques qui ont vis\u00e9 la mosqu\u00e9e al Nour dans le centre de Christchurch et celle de Linwood, en banlieue.<\/p>\n<p>Le p\u00e8re d\u2019Azan Ali, Sheik Aeshad, qui a vu un fid\u00e8le touch\u00e9 par une balle au cou, n\u2019arrive pas \u00e0 comprendre comment cet attentat a pu se produire dans ce pays.<\/p>\n<p>\u00ab\u00a0Nous n\u2019aurions jamais cru que cela pouvait arriver en Nouvelle-Z\u00e9lande. La Nouvelle-Z\u00e9lande est un endroit tellement chaleureux que vous pouvez partir en laissant votre porte ouverte. Mais pas en ce moment\u00a0\u00bb, confie-t-il.<\/p>\n<p>\u00ab\u00a0Je pense \u00e0 ce qui va arriver la prochaine fois\u2026 cela pourrait \u00eatre encore plus de personnes vis\u00e9es ailleurs\u00a0\u00bb.<\/p>\n<p>\u2013 Elan de solidarit\u00e9 \u2013<\/p>\n<p>Ce sentiment est partag\u00e9 par Sahra Ahmed, une infirmi\u00e8re n\u00e9o-z\u00e9landaise d\u2019origine somalienne.<\/p>\n<p><ins data-revive-zoneid=\"9\" data-revive-id=\"10111e19d28d19d031742ee3b0b33eb0\"\/> <\/p>\n<p>\u00ab\u00a0Cela se passe partout dans le monde. Des gens aiment importer des id\u00e9es d\u00e9velopp\u00e9es par d\u2019autres. Nous ne sommes pas \u00e0 l\u2019abri de ce qui se passe\u00a0\u00bb, dit-elle \u00e0 l\u2019AFP. \u00ab\u00a0Peu importe o\u00f9 vous allez, le monde est tr\u00e8s petit\u00a0\u00bb.<\/p>\n<p>Dans la mosqu\u00e9e Linwood, les tapis tout neufs install\u00e9s il y a quelques mois portent les taches de la trag\u00e9die. \u00ab\u00a0Il y avait du sang partout. C\u2019\u00e9tait chaotique\u00a0\u00bb, raconte \u00e0 l\u2019AFP Ibrahim Abdel Halim, l\u2019imam de cette mosqu\u00e9e, d\u2019origine \u00e9gyptienne, qui attend d\u2019enterrer les morts.<\/p>\n<p>Son \u00e9pouse, Falwa El-Shazly, a \u00e9t\u00e9 bless\u00e9e au bras lors de l\u2019attaque et se trouvait pr\u00e8s d\u2019une femme qui a \u00e9t\u00e9 tu\u00e9e.<\/p>\n<p>Plusieurs des sept fid\u00e8les tu\u00e9s \u00e0 Linwood \u00e9taient des participants actifs \u00e0 la vie de la mosqu\u00e9e. L\u2019un d\u2019eux, un N\u00e9o-Z\u00e9landais d\u2019origine fidjienne faisait r\u00e9guli\u00e8rement des dons de nourriture provenant de son restaurant.<\/p>\n<p>\u00ab\u00a0Ils me sont chers, ce sont des gens qui travaillaient b\u00e9n\u00e9volement pour nous\u00a0\u00bb, souligne Abdel Halim.<\/p>\n<p>Mohammad Kamruzzaman, d\u2019origine bangladaise, raconte \u00e0 l\u2019AFP qu\u2019il s\u2019est pr\u00e9cipit\u00e9 \u00e0 la mosqu\u00e9e en entendant les nouvelles. \u00ab\u00a0Cinq de (nos amis bangladais) sont toujours port\u00e9s disparus, seul Allah sait o\u00f9 ils sont\u00a0\u00bb, dit-il, ajoutant qu\u2019il y a parmi les victimes une femme qui enseignait gratuitement le Coran aux enfants.<\/p>\n<p>\u00ab\u00a0C\u2019est comme si on avait perdu un membre de la famille\u00a0\u00bb.<\/p>\n<p>Les attaques ont suscit\u00e9 un \u00e9lan de solidarit\u00e9 dans le pays envers la communaut\u00e9 musulmane. Quelque 3,2 millions de dollars n\u00e9o-z\u00e9landais (environ 2 millions d\u2019euros) ont \u00e9t\u00e9 collect\u00e9s en 24 heures, des dons de nourriture halal ont \u00e9t\u00e9 organis\u00e9s pour les familles patientant dans les h\u00f4pitaux.<\/p>\n<p>Une N\u00e9o-Z\u00e9landaise de Wellington a aussi offert sur Facebook, dans une publication tr\u00e8s partag\u00e9e, d\u2019accompagner les musulmanes qui ne se sentiraient pas suffisamment en s\u00e9curit\u00e9 pour sortir de chez elles.<\/p>\n<\/div>\n<p>Auteur: AFP<br \/>\n<a href=\"https:\/\/www.journalducameroun.com\/fr\/et-la-prochaine-fois-les-musulmans-de-christchurch-choques-et-inquiets\/\">Cliquez ici pour lire l&rsquo;article depuis sa source.<\/a><\/p>\n","protected":false},"excerpt":{"rendered":"<p>Publi\u00e9 le 16.03.2019 \u00e0 14h50 par AFP Dans le principal centre pour les familles des victimes de l\u2019attaque des mosqu\u00e9es \u00e0 Christchurch, des musulmans de toutes origines s\u2019\u00e9treignent et refoulent leurs larmes en \u00e9changeant des nouvelles de leurs proches. Azan Ali, 43 ans, d\u2019origine fidjienne, \u00e9tait dans la mosqu\u00e9e Linwood avec son p\u00e8re quand l\u2019attaque [&hellip;]<\/p>\n","protected":false},"author":1965,"featured_media":0,"comment_status":"closed","ping_status":"closed","sticky":false,"template":"","format":"standard","meta":{"fifu_image_url":"","fifu_image_alt":"","footnotes":""},"categories":[73,82],"tags":[],"class_list":["post-22306","post","type-post","status-publish","format-standard","hentry","category-actualite","category-cameroun"],"_links":{"self":[{"href":"https:\/\/linitiative.ca\/International\/wp-json\/wp\/v2\/posts\/22306","targetHints":{"allow":["GET"]}}],"collection":[{"href":"https:\/\/linitiative.ca\/International\/wp-json\/wp\/v2\/posts"}],"about":[{"href":"https:\/\/linitiative.ca\/International\/wp-json\/wp\/v2\/types\/post"}],"author":[{"embeddable":true,"href":"https:\/\/linitiative.ca\/International\/wp-json\/wp\/v2\/users\/1965"}],"replies":[{"embeddable":true,"href":"https:\/\/linitiative.ca\/International\/wp-json\/wp\/v2\/comments?post=22306"}],"version-history":[{"count":0,"href":"https:\/\/linitiative.ca\/International\/wp-json\/wp\/v2\/posts\/22306\/revisions"}],"wp:attachment":[{"href":"https:\/\/linitiative.ca\/International\/wp-json\/wp\/v2\/media?parent=22306"}],"wp:term":[{"taxonomy":"category","embeddable":true,"href":"https:\/\/linitiative.ca\/International\/wp-json\/wp\/v2\/categories?post=22306"},{"taxonomy":"post_tag","embeddable":true,"href":"https:\/\/linitiative.ca\/International\/wp-json\/wp\/v2\/tags?post=22306"}],"curies":[{"name":"wp","href":"https:\/\/api.w.org\/{rel}","templated":true}]}}