{"id":22344,"date":"2019-03-16T21:07:19","date_gmt":"2019-03-17T01:07:19","guid":{"rendered":"https:\/\/linitiative.ca\/International\/le-conseil-academique-de-la-rabita-mohammadia-des-oulemas-tient-sa-22e-assemblee-generale-a-marrakech\/"},"modified":"2019-03-16T21:07:19","modified_gmt":"2019-03-17T01:07:19","slug":"le-conseil-academique-de-la-rabita-mohammadia-des-oulemas-tient-sa-22e-assemblee-generale-a-marrakech","status":"publish","type":"post","link":"https:\/\/linitiative.ca\/International\/le-conseil-academique-de-la-rabita-mohammadia-des-oulemas-tient-sa-22e-assemblee-generale-a-marrakech\/","title":{"rendered":"Le conseil acad\u00e9mique de la Rabita Mohammadia des oul\u00e9mas tient sa 22\u00e8 Assembl\u00e9e g\u00e9n\u00e9rale \u00e0 Marrakech"},"content":{"rendered":"<div readability=\"37\">\n<p>Marrakech \u2013 Le conseil acad\u00e9mique de la Rabita Mohammadia des oul\u00e9mas a tenu, samedi \u00e0 Marrakech, sa 22\u00e8 Assembl\u00e9e g\u00e9n\u00e9rale, marqu\u00e9e par l\u2019approbation \u00e0 l\u2019unanimit\u00e9 des rapports moral et financier de cette institution au titre de l\u2019ann\u00e9e 2018.<\/p>\n<\/div>\n<div readability=\"90\">\n<p>Dans une d\u00e9claration \u00e0 la presse \u00e0 cette occasion, le secr\u00e9taire g\u00e9n\u00e9ral de la Rabita Mohammadia des oul\u00e9mas, Ahmed Abbadi, a indiqu\u00e9 que cette assembl\u00e9e g\u00e9n\u00e9rale, qui se tient dans le sillage des efforts de contribution \u00e0 la consolidation du chantier du renouvellement du champ religieux et du renforcement de la s\u00e9curit\u00e9 spirituelle du Royaume, sous la sage conduite de Sa Majest\u00e9 le Roi Mohammed VI, Amir Al Mouminine, a constitu\u00e9 un espace de d\u00e9bat et de jurisprudence collective pour mettre sur pied un plan d\u2019action pour l\u2019ann\u00e9e prochaine.<\/p>\n<p>Ce plan s\u2019articule sur trois axes, a pr\u00e9cis\u00e9 M. Abbadi, ajoutant que le premier est relatif aux r\u00e9f\u00e9rentiels et contenus que le savoir islamique est appel\u00e9 \u00e0 cristalliser et \u00e0 expliciter aux citoyennes et citoyens pour une int\u00e9gration renforc\u00e9e dans la politique clairvoyante de Sa Majest\u00e9 le Roi Mohammed VI, Amir Al Mouminine, visant \u00e0 promouvoir ce domaine sur les plans national, continental et international.<\/p>\n<p>Le deuxi\u00e8me axe, a-t-il poursuivi, concerne les canaux de diffusion de ce savoir religieux s\u00fbr et s\u00e9curis\u00e9 et ce, \u00e0 travers les diff\u00e9rents outils de communication utilis\u00e9s \u00e0 l\u2019heure actuelle par plus de 50% de la population marocaine (jeunes, adolescents et enfants), soulignant la n\u00e9cessit\u00e9 pour les oul\u00e9mas (hommes et femmes) de renforcer leur pr\u00e9sence sur cette plateforme num\u00e9rique en faveur de cette frange de la soci\u00e9t\u00e9.<\/p>\n<p>Quant aux troisi\u00e8me axe, a dit M. Abbadi, il porte sur l\u2019aspect inh\u00e9rent \u00e0 l\u2019adaptation aux questions br\u00fblantes et prioritaires dans ce domaine, avec \u00e0 leur t\u00eate les comportements dangereux comme le terrorisme, l\u2019extr\u00e9misme et le discours de haine, faisant constater que le terrorisme est devenu un fl\u00e9au mondial qui interpelle toutes les soci\u00e9t\u00e9s \u00e0 \u0153uvrer de concert pour son \u00e9radication.<\/p>\n<p>A l\u2019ordre du jour de la 22\u00e8 Assembl\u00e9e g\u00e9n\u00e9rale du conseil acad\u00e9mique de la Rabita Mohammadia des oul\u00e9mas, figurait notamment l\u2019examen de l\u2019\u00e9tat de fonctionnement de cette institution et la pr\u00e9sentation de son plan d\u2019action au service des constantes du Royaume, des projets des centres de recherche et des unit\u00e9s scientifiques ainsi que des programmes de formation.<\/p>\n<p>Cette assembl\u00e9e g\u00e9n\u00e9rale a \u00e9t\u00e9 aussi marqu\u00e9e par la pr\u00e9sentation d\u2019expos\u00e9s ax\u00e9s notamment sur \u00ab\u00a0le projet d\u2019appui \u00e0 la promotion de la tol\u00e9rance, du civisme, de la citoyennet\u00e9 en milieu scolaire, et \u00e0 la pr\u00e9vention des comportements \u00e0 risques\u00a0\u00bb, \u00ab\u00a0les cahiers sur la d\u00e9construction du discours extr\u00e9miste et la plateforme \u00ab\u00a0Raed\u00a0\u00bb dans sa nouvelle version\u00a0\u00bb, ainsi que sur les sessions qualifiantes en sciences islamiques au profit des \u00e9tudiants en master et en doctorat, et le portail \u00e9lectronique de l\u2019institution.<\/p>\n<\/div>\n<p>Auteur: Meriem IGASS<br \/>\n<a href=\"http:\/\/www.mapmarrakech.ma\/fr\/le-conseil-academique-de-la-rabita-mohammadia-des-oulemas-tient-sa-22e-assemblee-generale-a-marrakech\/\">Cliquez ici pour lire l&rsquo;article depuis sa source.<\/a><\/p>\n","protected":false},"excerpt":{"rendered":"<p>Marrakech \u2013 Le conseil acad\u00e9mique de la Rabita Mohammadia des oul\u00e9mas a tenu, samedi \u00e0 Marrakech, sa 22\u00e8 Assembl\u00e9e g\u00e9n\u00e9rale, marqu\u00e9e par l\u2019approbation \u00e0 l\u2019unanimit\u00e9 des rapports moral et financier de cette institution au titre de l\u2019ann\u00e9e 2018. Dans une d\u00e9claration \u00e0 la presse \u00e0 cette occasion, le secr\u00e9taire g\u00e9n\u00e9ral de la Rabita Mohammadia des [&hellip;]<\/p>\n","protected":false},"author":1788,"featured_media":0,"comment_status":"closed","ping_status":"closed","sticky":false,"template":"","format":"standard","meta":{"fifu_image_url":"","fifu_image_alt":"","footnotes":""},"categories":[54,76],"tags":[],"class_list":["post-22344","post","type-post","status-publish","format-standard","hentry","category-maroc","category-regions"],"_links":{"self":[{"href":"https:\/\/linitiative.ca\/International\/wp-json\/wp\/v2\/posts\/22344","targetHints":{"allow":["GET"]}}],"collection":[{"href":"https:\/\/linitiative.ca\/International\/wp-json\/wp\/v2\/posts"}],"about":[{"href":"https:\/\/linitiative.ca\/International\/wp-json\/wp\/v2\/types\/post"}],"author":[{"embeddable":true,"href":"https:\/\/linitiative.ca\/International\/wp-json\/wp\/v2\/users\/1788"}],"replies":[{"embeddable":true,"href":"https:\/\/linitiative.ca\/International\/wp-json\/wp\/v2\/comments?post=22344"}],"version-history":[{"count":0,"href":"https:\/\/linitiative.ca\/International\/wp-json\/wp\/v2\/posts\/22344\/revisions"}],"wp:attachment":[{"href":"https:\/\/linitiative.ca\/International\/wp-json\/wp\/v2\/media?parent=22344"}],"wp:term":[{"taxonomy":"category","embeddable":true,"href":"https:\/\/linitiative.ca\/International\/wp-json\/wp\/v2\/categories?post=22344"},{"taxonomy":"post_tag","embeddable":true,"href":"https:\/\/linitiative.ca\/International\/wp-json\/wp\/v2\/tags?post=22344"}],"curies":[{"name":"wp","href":"https:\/\/api.w.org\/{rel}","templated":true}]}}