{"id":22345,"date":"2019-03-17T09:11:48","date_gmt":"2019-03-17T13:11:48","guid":{"rendered":"https:\/\/linitiative.ca\/International\/la-secretaire-generale-de-lorganisation-internationale-de-la-francophonie-rencontre-les-etudiants-de-luniversite-privee-de-marrakech\/"},"modified":"2019-03-17T09:11:48","modified_gmt":"2019-03-17T13:11:48","slug":"la-secretaire-generale-de-lorganisation-internationale-de-la-francophonie-rencontre-les-etudiants-de-luniversite-privee-de-marrakech","status":"publish","type":"post","link":"https:\/\/linitiative.ca\/International\/la-secretaire-generale-de-lorganisation-internationale-de-la-francophonie-rencontre-les-etudiants-de-luniversite-privee-de-marrakech\/","title":{"rendered":"La secr\u00e9taire g\u00e9n\u00e9rale de l\u2019Organisation internationale de la Francophonie rencontre les \u00e9tudiants de l\u2019Universit\u00e9 priv\u00e9e de Marrakech"},"content":{"rendered":"<p><iframe loading=\"lazy\" width=\"1170\" height=\"658\" src=\"https:\/\/www.youtube.com\/embed\/LqiZzFJIsZE?feature=oembed\" frameborder=\"0\" allow=\"accelerometer; autoplay; encrypted-media; gyroscope; picture-in-picture\" allowfullscreen=\"\">[embedded content]<\/iframe><\/p>\n<div class=\"single-post-excerpt post-excerpt-bc\" readability=\"38\">\n<p>La secr\u00e9taire g\u00e9n\u00e9rale de l\u2019Organisation internationale de la Francophonie (OIF), Louise Mushikiwabo, a tenu une rencontre avec les \u00e9tudiants de l\u2019Universit\u00e9 priv\u00e9e de Marrakech (UPM), en marge de sa participation \u00e0 la 37\u00e8 session de la Conf\u00e9rence des ministres de la jeunesse et des sports de la Francophonie (CONFEJES)<\/p>\n<\/div>\n<p>Auteur: Meriem IGASS<br \/>\n<a href=\"http:\/\/www.mapmarrakech.ma\/fr\/la-secretaire-generale-de-lorganisation-internationale-de-la-francophonie-rencontre-les-etudiants-de-luniversite-privee-de-marrakech\/\">Cliquez ici pour lire l&rsquo;article depuis sa source.<\/a><\/p>\n","protected":false},"excerpt":{"rendered":"<p>[embedded content] La secr\u00e9taire g\u00e9n\u00e9rale de l\u2019Organisation internationale de la Francophonie (OIF), Louise Mushikiwabo, a tenu une rencontre avec les \u00e9tudiants de l\u2019Universit\u00e9 priv\u00e9e de Marrakech (UPM), en marge de sa participation \u00e0 la 37\u00e8 session de la Conf\u00e9rence des ministres de la jeunesse et des sports de la Francophonie (CONFEJES) Auteur: Meriem IGASS Cliquez [&hellip;]<\/p>\n","protected":false},"author":1788,"featured_media":0,"comment_status":"closed","ping_status":"closed","sticky":false,"template":"","format":"standard","meta":{"fifu_image_url":"","fifu_image_alt":"","footnotes":""},"categories":[54,76],"tags":[],"class_list":["post-22345","post","type-post","status-publish","format-standard","hentry","category-maroc","category-regions"],"_links":{"self":[{"href":"https:\/\/linitiative.ca\/International\/wp-json\/wp\/v2\/posts\/22345","targetHints":{"allow":["GET"]}}],"collection":[{"href":"https:\/\/linitiative.ca\/International\/wp-json\/wp\/v2\/posts"}],"about":[{"href":"https:\/\/linitiative.ca\/International\/wp-json\/wp\/v2\/types\/post"}],"author":[{"embeddable":true,"href":"https:\/\/linitiative.ca\/International\/wp-json\/wp\/v2\/users\/1788"}],"replies":[{"embeddable":true,"href":"https:\/\/linitiative.ca\/International\/wp-json\/wp\/v2\/comments?post=22345"}],"version-history":[{"count":0,"href":"https:\/\/linitiative.ca\/International\/wp-json\/wp\/v2\/posts\/22345\/revisions"}],"wp:attachment":[{"href":"https:\/\/linitiative.ca\/International\/wp-json\/wp\/v2\/media?parent=22345"}],"wp:term":[{"taxonomy":"category","embeddable":true,"href":"https:\/\/linitiative.ca\/International\/wp-json\/wp\/v2\/categories?post=22345"},{"taxonomy":"post_tag","embeddable":true,"href":"https:\/\/linitiative.ca\/International\/wp-json\/wp\/v2\/tags?post=22345"}],"curies":[{"name":"wp","href":"https:\/\/api.w.org\/{rel}","templated":true}]}}