{"id":22352,"date":"2019-03-17T08:38:52","date_gmt":"2019-03-17T12:38:52","guid":{"rendered":"https:\/\/linitiative.ca\/International\/oujda-coco-diams-et-firdaous-celebrent-le-patrimoine-commun-a-travers-des-fusions-et-des-rythmes-inedits\/"},"modified":"2019-03-17T08:38:52","modified_gmt":"2019-03-17T12:38:52","slug":"oujda-coco-diams-et-firdaous-celebrent-le-patrimoine-commun-a-travers-des-fusions-et-des-rythmes-inedits","status":"publish","type":"post","link":"https:\/\/linitiative.ca\/International\/oujda-coco-diams-et-firdaous-celebrent-le-patrimoine-commun-a-travers-des-fusions-et-des-rythmes-inedits\/","title":{"rendered":"Oujda: Coco Diam\u2019s et Firdaous c\u00e9l\u00e8brent le patrimoine commun \u00e0 travers des fusions et des rythmes in\u00e9dits"},"content":{"rendered":"<div readability=\"36\">\n<p>Le grand artiste marocain Coco Diam\u2019s et la talentueuse Firdaous ont chant\u00e9 et enchant\u00e9, samedi dans la soir\u00e9e, le public venu au grand th\u00e9\u00e2tre Mohammed VI d\u2019Oujda pour se d\u00e9lecter \u00e0 c\u0153ur joie d\u2019extraits puisant dans le riche r\u00e9pertoire artistique arabo-andalous.<\/p>\n<\/div>\n<div readability=\"114\">\n<p>Plac\u00e9 soue le signe \u00ab\u00a0Chantons notre patrimoine commun\u00a0\u00bb, ce spectacle de haute vol\u00e9e organis\u00e9 par la F\u00e9d\u00e9ration nationale des arts et de la culture \u00ab\u00a0Fed\u2019Arts\u00a0\u00bb, sous l\u2019\u00e9gide du minist\u00e8re de la Culture et de la Communication, a \u00e9t\u00e9 l\u2019occasion pour les deux artistes de pr\u00e9senter leurs \u0153uvres en hommage aux valeurs de partage et de promotion du patrimoine culturel commun, dans toutes ses formes.<\/p>\n<p>Ainsi, le crooner Coco Diam\u2019s, ce casablancais de naissance et de v\u00e9cu, a gratifi\u00e9 les m\u00e9lomanes de la musique arabo-andalouse d\u2019un floril\u00e8ge de chansons authentiques du patrimoine judeo-marocain, dont notamment \u00ab\u00a0Mali ou mal Chamaa\u00a0\u00bb, \u00ab\u00a0Taali\u00a0\u00bb, \u00ab\u00a0Bin Lbareh wa lioum\u00a0\u00bb ou encore \u00ab\u00a0Al Houb\u00a0\u00bb et ce en compagnie de la chorale de l\u2019association Al Moussilia de la musique gharnatie.<\/p>\n<p>\u00ab\u00a0Je suis extr\u00eamement heureux de me produire pour la premi\u00e8re fois au Th\u00e9\u00e2tre Mohammed VI d\u2019Oujda devant ce beau public connaisseur et enthousiaste\u00a0\u00bb, s\u2019est r\u00e9joui cet artiste qui chantent dans les deux langues, l\u2019arabe et le fran\u00e7ais.<\/p>\n<p>Diam\u2019s a ensuite c\u00e9d\u00e9 la place \u00e0 la jeune Firdaous qui a r\u00e9v\u00e9l\u00e9 avec subtilit\u00e9 son univers \u00e9clectique, compos\u00e9 de musique classique arabe et andalouse, le tout empreint de sonorit\u00e9s contemporaines.<\/p>\n<p>\u00ab\u00a0J\u2019ai l\u2019honneur de prendre part \u00e0 cette soir\u00e9e qui s\u2019inscrit dans le cadre des festivit\u00e9s c\u00e9l\u00e9brant Oujda, capitale de la culture arabe\u00a0\u00bb, a pour sa part soulign\u00e9 l\u2019artiste Firdaous.<\/p>\n<p><img class=\"aligncenter wp-image-10866\" data-src=\"http:\/\/www.mapoujda.ma\/map\/uploads\/2019\/03\/Lartiste-Firdaous-dans-une-d\u00e9claration-\u00e0-la-presse.jpg\" alt=\"\" width=\"523\" height=\"300\" srcset=\"http:\/\/www.mapoujda.ma\/map\/uploads\/2019\/03\/Lartiste-Firdaous-dans-une-d\u00e9claration-\u00e0-la-presse.jpg 750w, http:\/\/www.mapoujda.ma\/map\/uploads\/2019\/03\/Lartiste-Firdaous-dans-une-d\u00e9claration-\u00e0-la-presse-300x172.jpg 300w\" sizes=\"(max-width: 523px) 100vw, 523px\"\/><\/p>\n<p class=\"c3\"><span class=\"c2\"><span class=\"c1\">L\u2019artiste Firdaous, dans une d\u00e9claration \u00e0 la presse<\/span><\/span><\/p>\n<p>\u00ab\u00a0Les morceaux pr\u00e9sent\u00e9s aujourd\u2019hui et qui renvoient aux valeurs universelles de paix, d\u2019amour, de vivre-ensemble et de tol\u00e9rance, ont \u00e9t\u00e9 redistribu\u00e9s en coop\u00e9ration avec l\u2019artiste Karim Slaoui\u00a0\u00bb, a ajout\u00e9 celle qui avait, avec la contribution de la Fed\u2019Arts, interpr\u00e9t\u00e9 \u00ab\u00a0Our home\u00a0\u00bb, l\u2019hymne officiel de la COP22, tenue \u00e0 Marrakech en novembre 2016.<\/p>\n<p>A travers ce show, qui a tenu toutes ses promesses, l\u2019assistance litt\u00e9ralement conquise et enchant\u00e9e, a v\u00e9cu, le temps de cette soir\u00e9e grandiose, de v\u00e9ritables moments de beaut\u00e9, de convivialit\u00e9, de communion et de partage qu\u2019ils ne sont pas pr\u00eats d\u2019oublier.<\/p>\n<p>\u00ab\u00a0Notre coop\u00e9ration avec la Fed\u2019Arts a donn\u00e9 lieu \u00e0 ce grand spectacle visant \u00e0 mettre en avant le patrimoine musical marocain, aussi riche que diversifi\u00e9 et \u00e0 faire d\u00e9couvrir au public cet h\u00e9ritage culturel aux multiples facettes\u00a0\u00bb, a, de son c\u00f4t\u00e9, relev\u00e9 le coordonnateur g\u00e9n\u00e9ral de l\u2019\u00e9v\u00e9nement \u00ab\u00a0Oujda capitale de la culture arabe\u00a0\u00bb, Mourad Rifi.<\/p>\n<p>Cr\u00e9\u00e9e en 2011, la Fed\u2019Arts s\u2019assigne pour objectifs de mettre en avant les multiples contributions individuelles et collectives du secteur artistique et culturel, de promouvoir les arts et la culture, de soutenir une production culturelle libre, accessible et ind\u00e9pendante et de renforcer les \u00e9changes culturels avec les diff\u00e9rents organismes arabes et \u00e9trangers.<\/p>\n<\/div>\n<p>Auteur: Soufiane ELAHMAR<br \/>\n<a href=\"http:\/\/www.mapoujda.ma\/fr\/oujda-coco-diams-et-firdaous-celebrent-le-patrimoine-commun-a-travers-des-fusions-et-des-rythmes-inedits\/\">Cliquez ici pour lire l&rsquo;article depuis sa source.<\/a><\/p>\n","protected":false},"excerpt":{"rendered":"<p>Le grand artiste marocain Coco Diam\u2019s et la talentueuse Firdaous ont chant\u00e9 et enchant\u00e9, samedi dans la soir\u00e9e, le public venu au grand th\u00e9\u00e2tre Mohammed VI d\u2019Oujda pour se d\u00e9lecter \u00e0 c\u0153ur joie d\u2019extraits puisant dans le riche r\u00e9pertoire artistique arabo-andalous. Plac\u00e9 soue le signe \u00ab\u00a0Chantons notre patrimoine commun\u00a0\u00bb, ce spectacle de haute vol\u00e9e organis\u00e9 [&hellip;]<\/p>\n","protected":false},"author":1788,"featured_media":22353,"comment_status":"closed","ping_status":"closed","sticky":false,"template":"","format":"standard","meta":{"fifu_image_url":"","fifu_image_alt":"","footnotes":""},"categories":[54,76],"tags":[],"class_list":["post-22352","post","type-post","status-publish","format-standard","has-post-thumbnail","hentry","category-maroc","category-regions"],"_links":{"self":[{"href":"https:\/\/linitiative.ca\/International\/wp-json\/wp\/v2\/posts\/22352","targetHints":{"allow":["GET"]}}],"collection":[{"href":"https:\/\/linitiative.ca\/International\/wp-json\/wp\/v2\/posts"}],"about":[{"href":"https:\/\/linitiative.ca\/International\/wp-json\/wp\/v2\/types\/post"}],"author":[{"embeddable":true,"href":"https:\/\/linitiative.ca\/International\/wp-json\/wp\/v2\/users\/1788"}],"replies":[{"embeddable":true,"href":"https:\/\/linitiative.ca\/International\/wp-json\/wp\/v2\/comments?post=22352"}],"version-history":[{"count":0,"href":"https:\/\/linitiative.ca\/International\/wp-json\/wp\/v2\/posts\/22352\/revisions"}],"wp:featuredmedia":[{"embeddable":true,"href":"https:\/\/linitiative.ca\/International\/wp-json\/"}],"wp:attachment":[{"href":"https:\/\/linitiative.ca\/International\/wp-json\/wp\/v2\/media?parent=22352"}],"wp:term":[{"taxonomy":"category","embeddable":true,"href":"https:\/\/linitiative.ca\/International\/wp-json\/wp\/v2\/categories?post=22352"},{"taxonomy":"post_tag","embeddable":true,"href":"https:\/\/linitiative.ca\/International\/wp-json\/wp\/v2\/tags?post=22352"}],"curies":[{"name":"wp","href":"https:\/\/api.w.org\/{rel}","templated":true}]}}