{"id":22354,"date":"2019-03-17T10:27:42","date_gmt":"2019-03-17T14:27:42","guid":{"rendered":"https:\/\/linitiative.ca\/International\/la-porte-du-souk-hebdomadaire-del-aroui-inscrite-au-patrimoine-national\/"},"modified":"2019-03-17T10:27:42","modified_gmt":"2019-03-17T14:27:42","slug":"la-porte-du-souk-hebdomadaire-del-aroui-inscrite-au-patrimoine-national","status":"publish","type":"post","link":"https:\/\/linitiative.ca\/International\/la-porte-du-souk-hebdomadaire-del-aroui-inscrite-au-patrimoine-national\/","title":{"rendered":"La porte du souk hebdomadaire d\u2019El Aroui inscrite au patrimoine national"},"content":{"rendered":"<div class=\"single-featured\"><img alt=\"\u062a\u0642\u064a\u064a\u062f \u0645\u0639\u0644\u0645\u0629 \u0628\u0628\u0627\u0628 \u0627\u0644\u0633\u0648\u0642 \u0627\u0644\u0623\u0633\u0628\u0648\u0639\u064a \u0628\u0627\u0644\u0639\u0631\u0648\u064a \u0636\u0645\u0646 \u0644\u0627\u0626\u062d\u0629 \u0627\u0644\u062a\u0631\u0627\u062b \u0627\u0644\u0648\u0637\u0646\u064a\" data-src=\"http:\/\/www.mapoujda.ma\/map\/uploads\/2019\/03\/\u0645\u0639\u0644\u0645\u0629-\u0628\u0627\u0628-\u0627\u0644\u0633\u0648\u0642-\u0627\u0644\u0623\u0633\u0628\u0648\u0639\u064a-\u0628\u0627\u0644\u0639\u0631\u0648\u064a.jpg\"\/><\/div>\n<div class=\"single-post-excerpt post-excerpt-bc\" readability=\"38\">\n<p>La porte du souk hebdomadaire d\u2019El Aroui, situ\u00e9e dans la province de Nador, a \u00e9t\u00e9 inscrite sur la liste du patrimoine national en tant que joyau architectural et espace de la m\u00e9moire historique locale, qui fut un lieu de rencontre et de rassemblement de la tribu A\u00eft Bouyahya et d\u2019autres tribus.<\/p>\n<\/div>\n<div class=\"entry-content clearfix single-post-content\" readability=\"47\">\n<p>Cette initiative s\u2019inscrit dans le cadre de la strat\u00e9gie du d\u00e9partement de la Culture visant la r\u00e9habilitation du patrimoine national, mat\u00e9riel et immat\u00e9riel, sa pr\u00e9servation et sa valorisation, indique dimanche un communiqu\u00e9 du minist\u00e8re de la Culture et de la Communication \u2013D\u00e9partement de la Culture.<\/p>\n<p>A travers cette nouvelle inscription, le minist\u00e8re ambitionne d\u2019\u00e9largir le champ de la protection juridique pour qu\u2019elle englobe, outre les c\u00e9l\u00e8bres sites arch\u00e9ologiques et monuments historiques, des \u00e9difices architecturaux r\u00e9gionaux et des lieux de m\u00e9moire locale, pr\u00e9cise la m\u00eame source.<\/p>\n<\/div>\n<p>Auteur: Soufiane ELAHMAR<br \/>\n<a href=\"http:\/\/www.mapoujda.ma\/fr\/la-porte-du-souk-hebdomadaire-del-aroui-inscrite-au-patrimoine-national\/\">Cliquez ici pour lire l&rsquo;article depuis sa source.<\/a><\/p>\n","protected":false},"excerpt":{"rendered":"<p>La porte du souk hebdomadaire d\u2019El Aroui, situ\u00e9e dans la province de Nador, a \u00e9t\u00e9 inscrite sur la liste du patrimoine national en tant que joyau architectural et espace de la m\u00e9moire historique locale, qui fut un lieu de rencontre et de rassemblement de la tribu A\u00eft Bouyahya et d\u2019autres tribus. Cette initiative s\u2019inscrit dans [&hellip;]<\/p>\n","protected":false},"author":1788,"featured_media":22355,"comment_status":"closed","ping_status":"closed","sticky":false,"template":"","format":"standard","meta":{"fifu_image_url":"","fifu_image_alt":"","footnotes":""},"categories":[54,76],"tags":[],"class_list":["post-22354","post","type-post","status-publish","format-standard","has-post-thumbnail","hentry","category-maroc","category-regions"],"_links":{"self":[{"href":"https:\/\/linitiative.ca\/International\/wp-json\/wp\/v2\/posts\/22354","targetHints":{"allow":["GET"]}}],"collection":[{"href":"https:\/\/linitiative.ca\/International\/wp-json\/wp\/v2\/posts"}],"about":[{"href":"https:\/\/linitiative.ca\/International\/wp-json\/wp\/v2\/types\/post"}],"author":[{"embeddable":true,"href":"https:\/\/linitiative.ca\/International\/wp-json\/wp\/v2\/users\/1788"}],"replies":[{"embeddable":true,"href":"https:\/\/linitiative.ca\/International\/wp-json\/wp\/v2\/comments?post=22354"}],"version-history":[{"count":0,"href":"https:\/\/linitiative.ca\/International\/wp-json\/wp\/v2\/posts\/22354\/revisions"}],"wp:featuredmedia":[{"embeddable":true,"href":"https:\/\/linitiative.ca\/International\/wp-json\/"}],"wp:attachment":[{"href":"https:\/\/linitiative.ca\/International\/wp-json\/wp\/v2\/media?parent=22354"}],"wp:term":[{"taxonomy":"category","embeddable":true,"href":"https:\/\/linitiative.ca\/International\/wp-json\/wp\/v2\/categories?post=22354"},{"taxonomy":"post_tag","embeddable":true,"href":"https:\/\/linitiative.ca\/International\/wp-json\/wp\/v2\/tags?post=22354"}],"curies":[{"name":"wp","href":"https:\/\/api.w.org\/{rel}","templated":true}]}}