{"id":22361,"date":"2019-03-17T15:14:07","date_gmt":"2019-03-17T19:14:07","guid":{"rendered":"https:\/\/linitiative.ca\/International\/equipe-dalgerie-belmadi-eclaircit-la-situation-de-ghoulam\/"},"modified":"2019-03-17T15:14:07","modified_gmt":"2019-03-17T19:14:07","slug":"equipe-dalgerie-belmadi-eclaircit-la-situation-de-ghoulam","status":"publish","type":"post","link":"https:\/\/linitiative.ca\/International\/equipe-dalgerie-belmadi-eclaircit-la-situation-de-ghoulam\/","title":{"rendered":"Equipe d&rsquo;Alg\u00e9rie : Belmadi \u00e9claircit la situation de Ghoulam"},"content":{"rendered":"<div readability=\"32\">\n<p>Auteur : <span class=\"time\">dimanche 17 mars 2019 13:02<\/span><\/p>\n<\/div>\n<div id=\"post_core\" readability=\"41\">\n<p>L\u2019arri\u00e8re gauche de l\u2019Equipe nationale, Faouzi Ghoulam ne sera en effet pas du groupe de l\u2019EN pour ce rassemblement qui commencera lundi au Centre technique de Sidi Moussa et qui s\u2019\u00e9talera jusqu\u2019au 27 de ce moi. Le s\u00e9lectionneur national a expliqu\u00e9 cette absence de la mani\u00e8re suivante :<\/p>\n<p>\u00ab\u00a0Ghoulam est encore \u00e0 la recherche de son vrai niveau et qui pourrait lui permettre d&rsquo;accrocher une place pour la Coupe d&rsquo;Afrique. Il ne joue pas beaucoup en ce moment et a besoin d&rsquo;enchainer les rencontres. Il va travailler lors de la tr\u00eave internationale pour retrouver le niveau qu&rsquo;il avait avant sa blessure\u00a0\u00bb.<\/p>\n<p><strong>Publi\u00e9 dans :<\/strong> <span>&lsquo;Alg\u00e9rie<\/span><\/p>\n<\/div>\n<p>Auteur:<br \/>\n<a href=\"http:\/\/www.lebuteur.com\/article\/detail?titre=belmadi-eclaircit-la-situation-de-ghoulam&#038;id=87243&#038;utm_source=feedburner&#038;utm_medium=feed&#038;utm_campaign=Feed%3A+GalerieFArtciles+%28Les+derniers+articles++-+lebuteur.com%29\">Cliquez ici pour lire l&rsquo;article depuis sa source.<\/a><\/p>\n","protected":false},"excerpt":{"rendered":"<p>Auteur : dimanche 17 mars 2019 13:02 L\u2019arri\u00e8re gauche de l\u2019Equipe nationale, Faouzi Ghoulam ne sera en effet pas du groupe de l\u2019EN pour ce rassemblement qui commencera lundi au Centre technique de Sidi Moussa et qui s\u2019\u00e9talera jusqu\u2019au 27 de ce moi. Le s\u00e9lectionneur national a expliqu\u00e9 cette absence de la mani\u00e8re suivante : [&hellip;]<\/p>\n","protected":false},"author":1738,"featured_media":22362,"comment_status":"closed","ping_status":"closed","sticky":false,"template":"","format":"standard","meta":{"fifu_image_url":"","fifu_image_alt":"","footnotes":""},"categories":[53,75],"tags":[],"class_list":["post-22361","post","type-post","status-publish","format-standard","has-post-thumbnail","hentry","category-algerie","category-sport"],"_links":{"self":[{"href":"https:\/\/linitiative.ca\/International\/wp-json\/wp\/v2\/posts\/22361","targetHints":{"allow":["GET"]}}],"collection":[{"href":"https:\/\/linitiative.ca\/International\/wp-json\/wp\/v2\/posts"}],"about":[{"href":"https:\/\/linitiative.ca\/International\/wp-json\/wp\/v2\/types\/post"}],"author":[{"embeddable":true,"href":"https:\/\/linitiative.ca\/International\/wp-json\/wp\/v2\/users\/1738"}],"replies":[{"embeddable":true,"href":"https:\/\/linitiative.ca\/International\/wp-json\/wp\/v2\/comments?post=22361"}],"version-history":[{"count":0,"href":"https:\/\/linitiative.ca\/International\/wp-json\/wp\/v2\/posts\/22361\/revisions"}],"wp:featuredmedia":[{"embeddable":true,"href":"https:\/\/linitiative.ca\/International\/wp-json\/"}],"wp:attachment":[{"href":"https:\/\/linitiative.ca\/International\/wp-json\/wp\/v2\/media?parent=22361"}],"wp:term":[{"taxonomy":"category","embeddable":true,"href":"https:\/\/linitiative.ca\/International\/wp-json\/wp\/v2\/categories?post=22361"},{"taxonomy":"post_tag","embeddable":true,"href":"https:\/\/linitiative.ca\/International\/wp-json\/wp\/v2\/tags?post=22361"}],"curies":[{"name":"wp","href":"https:\/\/api.w.org\/{rel}","templated":true}]}}