{"id":22363,"date":"2019-03-17T15:14:08","date_gmt":"2019-03-17T19:14:08","guid":{"rendered":"https:\/\/linitiative.ca\/International\/equipe-dalgerie-belmadi-explique-les-absences-de-brahimi-et-de-bentaleb\/"},"modified":"2019-03-17T15:14:08","modified_gmt":"2019-03-17T19:14:08","slug":"equipe-dalgerie-belmadi-explique-les-absences-de-brahimi-et-de-bentaleb","status":"publish","type":"post","link":"https:\/\/linitiative.ca\/International\/equipe-dalgerie-belmadi-explique-les-absences-de-brahimi-et-de-bentaleb\/","title":{"rendered":"Equipe d&rsquo;Alg\u00e9rie : Belmadi explique les absences de Brahimi et de Bentaleb"},"content":{"rendered":"<div readability=\"32\">\n<p>Auteur : <span class=\"time\">dimanche 17 mars 2019 13:11<\/span><\/p>\n<\/div>\n<div id=\"post_core\" readability=\"45\">\n<p>Interrog\u00e9 sur les absences de Yacine Brahimi et de Nabil Bentaleb de la liste de 26 joueurs concern\u00e9s par le prochain rassemblement des Verts, Djamel Belmadi a d\u00e9clar\u00e9 :<\/p>\n<p>\u00ab\u00a0L&rsquo;absence de Brahimi est un non \u00e9v\u00e8nement. Cette non s\u00e9lection s&rsquo;est faite en accord avec lui. Il traverse une saison compliqu\u00e9e, mais il y a aussi l&rsquo;envie d&rsquo;\u00e9valuer d&rsquo;autres joueurs qui peuvent jouer \u00e0 son poste\u00a0\u00bb.<\/p>\n<p>En ce qui concerne Bentaleb, le s\u00e9lectionneur national a r\u00e9pondu :<\/p>\n<p>\u00ab\u00a0Nabil est un joueur que nous connaissons bien. Il fait partie de ces \u00e9l\u00e9ments que nous n&rsquo;avons pas convoqu\u00e9 afin de d\u00e9couvrir d&rsquo;autres joueurs\u00a0\u00bb.<\/p>\n<p><strong>Publi\u00e9 dans :<\/strong> <span>algerie<\/span><\/p>\n<\/div>\n<p>Auteur:<br \/>\n<a href=\"http:\/\/www.lebuteur.com\/article\/detail?titre=belmadi-explique-les-absences-de-brahimi-et-de-bentaleb&#038;id=87244&#038;utm_source=feedburner&#038;utm_medium=feed&#038;utm_campaign=Feed%3A+GalerieFArtciles+%28Les+derniers+articles++-+lebuteur.com%29\">Cliquez ici pour lire l&rsquo;article depuis sa source.<\/a><\/p>\n","protected":false},"excerpt":{"rendered":"<p>Auteur : dimanche 17 mars 2019 13:11 Interrog\u00e9 sur les absences de Yacine Brahimi et de Nabil Bentaleb de la liste de 26 joueurs concern\u00e9s par le prochain rassemblement des Verts, Djamel Belmadi a d\u00e9clar\u00e9 : \u00ab\u00a0L&rsquo;absence de Brahimi est un non \u00e9v\u00e8nement. Cette non s\u00e9lection s&rsquo;est faite en accord avec lui. Il traverse une [&hellip;]<\/p>\n","protected":false},"author":1738,"featured_media":22364,"comment_status":"closed","ping_status":"closed","sticky":false,"template":"","format":"standard","meta":{"fifu_image_url":"","fifu_image_alt":"","footnotes":""},"categories":[53,75],"tags":[],"class_list":["post-22363","post","type-post","status-publish","format-standard","has-post-thumbnail","hentry","category-algerie","category-sport"],"_links":{"self":[{"href":"https:\/\/linitiative.ca\/International\/wp-json\/wp\/v2\/posts\/22363","targetHints":{"allow":["GET"]}}],"collection":[{"href":"https:\/\/linitiative.ca\/International\/wp-json\/wp\/v2\/posts"}],"about":[{"href":"https:\/\/linitiative.ca\/International\/wp-json\/wp\/v2\/types\/post"}],"author":[{"embeddable":true,"href":"https:\/\/linitiative.ca\/International\/wp-json\/wp\/v2\/users\/1738"}],"replies":[{"embeddable":true,"href":"https:\/\/linitiative.ca\/International\/wp-json\/wp\/v2\/comments?post=22363"}],"version-history":[{"count":0,"href":"https:\/\/linitiative.ca\/International\/wp-json\/wp\/v2\/posts\/22363\/revisions"}],"wp:featuredmedia":[{"embeddable":true,"href":"https:\/\/linitiative.ca\/International\/wp-json\/"}],"wp:attachment":[{"href":"https:\/\/linitiative.ca\/International\/wp-json\/wp\/v2\/media?parent=22363"}],"wp:term":[{"taxonomy":"category","embeddable":true,"href":"https:\/\/linitiative.ca\/International\/wp-json\/wp\/v2\/categories?post=22363"},{"taxonomy":"post_tag","embeddable":true,"href":"https:\/\/linitiative.ca\/International\/wp-json\/wp\/v2\/tags?post=22363"}],"curies":[{"name":"wp","href":"https:\/\/api.w.org\/{rel}","templated":true}]}}