{"id":22365,"date":"2019-03-17T15:14:09","date_gmt":"2019-03-17T19:14:09","guid":{"rendered":"https:\/\/linitiative.ca\/International\/equipe-dalgerie-belmadi-evoque-les-chances-de-voir-slimani-participer-a-la-can-2019\/"},"modified":"2019-03-17T15:14:09","modified_gmt":"2019-03-17T19:14:09","slug":"equipe-dalgerie-belmadi-evoque-les-chances-de-voir-slimani-participer-a-la-can-2019","status":"publish","type":"post","link":"https:\/\/linitiative.ca\/International\/equipe-dalgerie-belmadi-evoque-les-chances-de-voir-slimani-participer-a-la-can-2019\/","title":{"rendered":"Equipe d&rsquo;Alg\u00e9rie : Belmadi \u00e9voque les chances de voir Slimani participer \u00e0 la CAN 2019"},"content":{"rendered":"<div readability=\"32\">\n<p>Auteur : <span class=\"time\">dimanche 17 mars 2019 13:21<\/span><\/p>\n<\/div>\n<div id=\"post_core\" readability=\"41\">\n<p>L&rsquo;entraineur des Verts n&rsquo;a d&rsquo;ailleurs pas h\u00e9sit\u00e9 \u00e0 s\u00e9lectionner Zakaria Naidji et Oussama Darfelou afin de pr\u00e9voir une solution de rechange au cas o\u00f9 Slimani ne trouve pas de solution avec ses dirigeants du Fenerbah\u00e7e et qu&rsquo;il se retrouve \u00e0 court de temps de jeu avant la CAN 2019. Belmadi a ainsi d\u00e9clar\u00e9 \u00e0 ce sujet :<\/p>\n<p>\u00ab\u00a0Je n&rsquo;ai pas besoin de superviser Slimani \u00e0 nouveau. C&rsquo;est le deuxi\u00e8me meilleur buteur de l&rsquo;histoire de la s\u00e9lection et c&rsquo;est un joueur que nous connaissons bien. Aujourd&rsquo;hui, nous avons besoin d&rsquo;observer d&rsquo;autres joueurs comme Naidji et Darfelou pour gagner du temps si jamais la situation de Slimani ne s&rsquo;am\u00e9liore pas avec son club. Il y a d&rsquo;autres joueurs qui peuvent montrer leurs capacit\u00e9s et qui peuvent pr\u00e9tendre \u00e0 une s\u00e9lection pour la CAN\u00a0\u00bb.<\/p>\n<p><strong>Publi\u00e9 dans :<\/strong> <span>algerie<\/span><\/p>\n<\/div>\n<p>Auteur:<br \/>\n<a href=\"http:\/\/www.lebuteur.com\/article\/detail?titre=belmadi-evoque-les-chances-de-voir-slimani-participer-a-la-can-2019&#038;id=87245&#038;utm_source=feedburner&#038;utm_medium=feed&#038;utm_campaign=Feed%3A+GalerieFArtciles+%28Les+derniers+articles++-+lebuteur.com%29\">Cliquez ici pour lire l&rsquo;article depuis sa source.<\/a><\/p>\n","protected":false},"excerpt":{"rendered":"<p>Auteur : dimanche 17 mars 2019 13:21 L&rsquo;entraineur des Verts n&rsquo;a d&rsquo;ailleurs pas h\u00e9sit\u00e9 \u00e0 s\u00e9lectionner Zakaria Naidji et Oussama Darfelou afin de pr\u00e9voir une solution de rechange au cas o\u00f9 Slimani ne trouve pas de solution avec ses dirigeants du Fenerbah\u00e7e et qu&rsquo;il se retrouve \u00e0 court de temps de jeu avant la CAN [&hellip;]<\/p>\n","protected":false},"author":1738,"featured_media":22366,"comment_status":"closed","ping_status":"closed","sticky":false,"template":"","format":"standard","meta":{"fifu_image_url":"","fifu_image_alt":"","footnotes":""},"categories":[53,75],"tags":[],"class_list":["post-22365","post","type-post","status-publish","format-standard","has-post-thumbnail","hentry","category-algerie","category-sport"],"_links":{"self":[{"href":"https:\/\/linitiative.ca\/International\/wp-json\/wp\/v2\/posts\/22365","targetHints":{"allow":["GET"]}}],"collection":[{"href":"https:\/\/linitiative.ca\/International\/wp-json\/wp\/v2\/posts"}],"about":[{"href":"https:\/\/linitiative.ca\/International\/wp-json\/wp\/v2\/types\/post"}],"author":[{"embeddable":true,"href":"https:\/\/linitiative.ca\/International\/wp-json\/wp\/v2\/users\/1738"}],"replies":[{"embeddable":true,"href":"https:\/\/linitiative.ca\/International\/wp-json\/wp\/v2\/comments?post=22365"}],"version-history":[{"count":0,"href":"https:\/\/linitiative.ca\/International\/wp-json\/wp\/v2\/posts\/22365\/revisions"}],"wp:featuredmedia":[{"embeddable":true,"href":"https:\/\/linitiative.ca\/International\/wp-json\/"}],"wp:attachment":[{"href":"https:\/\/linitiative.ca\/International\/wp-json\/wp\/v2\/media?parent=22365"}],"wp:term":[{"taxonomy":"category","embeddable":true,"href":"https:\/\/linitiative.ca\/International\/wp-json\/wp\/v2\/categories?post=22365"},{"taxonomy":"post_tag","embeddable":true,"href":"https:\/\/linitiative.ca\/International\/wp-json\/wp\/v2\/tags?post=22365"}],"curies":[{"name":"wp","href":"https:\/\/api.w.org\/{rel}","templated":true}]}}