{"id":22367,"date":"2019-03-17T15:14:10","date_gmt":"2019-03-17T19:14:10","guid":{"rendered":"https:\/\/linitiative.ca\/International\/equipe-dalgerie-benzia-recoit-un-message-clair-de-belmadi\/"},"modified":"2019-03-17T15:14:10","modified_gmt":"2019-03-17T19:14:10","slug":"equipe-dalgerie-benzia-recoit-un-message-clair-de-belmadi","status":"publish","type":"post","link":"https:\/\/linitiative.ca\/International\/equipe-dalgerie-benzia-recoit-un-message-clair-de-belmadi\/","title":{"rendered":"Equipe d&rsquo;Alg\u00e9rie : Benzia re\u00e7oit un message clair de Belmadi"},"content":{"rendered":"<div readability=\"32\">\n<p>Auteur : <span class=\"time\">dimanche 17 mars 2019 13:48<\/span><\/p>\n<\/div>\n<div id=\"post_core\" readability=\"36\">\n<p>Le s\u00e9lectionneur des Verts a en effet \u00e9t\u00e9 interrog\u00e9 sur la situation de Benzia qui est semble-t-il d\u00e9finitivement mis \u00e0 l&rsquo;\u00e9cart par son entraineur au Fenerbah\u00e7e. Belmadi a d\u00e9clar\u00e9 avoir discut\u00e9 avec l&rsquo;ensemble de ses joueurs en novembre dernier apr\u00e8s la rencontre face au Togo, leur expliquant que la qualification n&rsquo;\u00e9tait pas un gage de participation \u00e0 la CAN 2019 et qu&rsquo;il leur fallait du temps de jeu avec leurs clubs respectifs afin de pr\u00e9tendre \u00e0 une place pour la comp\u00e9tition africaine. Un param\u00e8tre qui complique s\u00e9rieusement la situation de Yassine Benzia qui a \u00e0 pr\u00e9sent de grande chances de manquer la prochaine Coupe d&rsquo;Afrique des Nations.<\/p>\n<p><strong>Publi\u00e9 dans :<\/strong> <span>algerie<\/span><\/p>\n<\/div>\n<p>Auteur:<br \/>\n<a href=\"http:\/\/www.lebuteur.com\/article\/detail?titre=benzia-recoit-un-message-clair-de-belmadi&#038;id=87246&#038;utm_source=feedburner&#038;utm_medium=feed&#038;utm_campaign=Feed%3A+GalerieFArtciles+%28Les+derniers+articles++-+lebuteur.com%29\">Cliquez ici pour lire l&rsquo;article depuis sa source.<\/a><\/p>\n","protected":false},"excerpt":{"rendered":"<p>Auteur : dimanche 17 mars 2019 13:48 Le s\u00e9lectionneur des Verts a en effet \u00e9t\u00e9 interrog\u00e9 sur la situation de Benzia qui est semble-t-il d\u00e9finitivement mis \u00e0 l&rsquo;\u00e9cart par son entraineur au Fenerbah\u00e7e. Belmadi a d\u00e9clar\u00e9 avoir discut\u00e9 avec l&rsquo;ensemble de ses joueurs en novembre dernier apr\u00e8s la rencontre face au Togo, leur expliquant que [&hellip;]<\/p>\n","protected":false},"author":1738,"featured_media":22368,"comment_status":"closed","ping_status":"closed","sticky":false,"template":"","format":"standard","meta":{"fifu_image_url":"","fifu_image_alt":"","footnotes":""},"categories":[53,75],"tags":[],"class_list":["post-22367","post","type-post","status-publish","format-standard","has-post-thumbnail","hentry","category-algerie","category-sport"],"_links":{"self":[{"href":"https:\/\/linitiative.ca\/International\/wp-json\/wp\/v2\/posts\/22367","targetHints":{"allow":["GET"]}}],"collection":[{"href":"https:\/\/linitiative.ca\/International\/wp-json\/wp\/v2\/posts"}],"about":[{"href":"https:\/\/linitiative.ca\/International\/wp-json\/wp\/v2\/types\/post"}],"author":[{"embeddable":true,"href":"https:\/\/linitiative.ca\/International\/wp-json\/wp\/v2\/users\/1738"}],"replies":[{"embeddable":true,"href":"https:\/\/linitiative.ca\/International\/wp-json\/wp\/v2\/comments?post=22367"}],"version-history":[{"count":0,"href":"https:\/\/linitiative.ca\/International\/wp-json\/wp\/v2\/posts\/22367\/revisions"}],"wp:featuredmedia":[{"embeddable":true,"href":"https:\/\/linitiative.ca\/International\/wp-json\/"}],"wp:attachment":[{"href":"https:\/\/linitiative.ca\/International\/wp-json\/wp\/v2\/media?parent=22367"}],"wp:term":[{"taxonomy":"category","embeddable":true,"href":"https:\/\/linitiative.ca\/International\/wp-json\/wp\/v2\/categories?post=22367"},{"taxonomy":"post_tag","embeddable":true,"href":"https:\/\/linitiative.ca\/International\/wp-json\/wp\/v2\/tags?post=22367"}],"curies":[{"name":"wp","href":"https:\/\/api.w.org\/{rel}","templated":true}]}}