{"id":22369,"date":"2019-03-17T15:14:11","date_gmt":"2019-03-17T19:14:11","guid":{"rendered":"https:\/\/linitiative.ca\/International\/pros-taider-passeur-face-a-orlando-city\/"},"modified":"2019-03-17T15:14:11","modified_gmt":"2019-03-17T19:14:11","slug":"pros-taider-passeur-face-a-orlando-city","status":"publish","type":"post","link":"https:\/\/linitiative.ca\/International\/pros-taider-passeur-face-a-orlando-city\/","title":{"rendered":"Pros : Ta\u00efder passeur face \u00e0 Orlando City"},"content":{"rendered":"<div readability=\"32\">\n<p>Auteur : <span>Riad O.<\/span> <span class=\"time\">dimanche 17 mars 2019 17:53<\/span><\/p>\n<\/div>\n<div id=\"post_core\" readability=\"39\">\n<p>Le joueur milieu de terrain Alg\u00e9rien de l\u2019Impact Montr\u00e9al, Saphir Ta\u00efder continue de briller avec l\u2019Impact Montr\u00e9al en ce d\u00e9but de saison. Hier, l\u2019ancien soci\u00e9taire de l\u2019Inter Milan s\u2019est montr\u00e9 une nouvelle fois d\u00e9cisif en contribuant au succ\u00e8s des siens face \u00e0 la formation d\u2019Orlando Citt lors de la troisi\u00e8me journ\u00e9e de la MLS. Auteur d\u00e9j\u00e0 d\u2019un but en ce d\u00e9but de saison, Ta\u00efder a d\u00e9livr\u00e9 sa seconde passe d\u00e9cisive depuis le d\u00e9but de la comp\u00e9tition. Le joueur Alg\u00e9rien a trouv\u00e9 son co\u00e9quipier Orji Okwonkwo \u00e0 la 14\u2019 de jeu sur une passe en retrait du flanc droit de l\u2019attaque. Au final, les co\u00e9quipiers de Ta\u00efder se sont impos\u00e9s sur le score de trois buts \u00e0 un.<\/p>\n<p><strong>Publi\u00e9 dans :<\/strong> <span>taider<\/span><\/p>\n<\/div>\n<p>Auteur:<br \/>\n<a href=\"http:\/\/www.lebuteur.com\/article\/detail?titre=taider-passeur-face-a-orlando-city&#038;id=87247&#038;utm_source=feedburner&#038;utm_medium=feed&#038;utm_campaign=Feed%3A+GalerieFArtciles+%28Les+derniers+articles++-+lebuteur.com%29\">Cliquez ici pour lire l&rsquo;article depuis sa source.<\/a><\/p>\n","protected":false},"excerpt":{"rendered":"<p>Auteur : Riad O. dimanche 17 mars 2019 17:53 Le joueur milieu de terrain Alg\u00e9rien de l\u2019Impact Montr\u00e9al, Saphir Ta\u00efder continue de briller avec l\u2019Impact Montr\u00e9al en ce d\u00e9but de saison. Hier, l\u2019ancien soci\u00e9taire de l\u2019Inter Milan s\u2019est montr\u00e9 une nouvelle fois d\u00e9cisif en contribuant au succ\u00e8s des siens face \u00e0 la formation d\u2019Orlando Citt [&hellip;]<\/p>\n","protected":false},"author":1738,"featured_media":22370,"comment_status":"closed","ping_status":"closed","sticky":false,"template":"","format":"standard","meta":{"fifu_image_url":"","fifu_image_alt":"","footnotes":""},"categories":[53,75],"tags":[],"class_list":["post-22369","post","type-post","status-publish","format-standard","has-post-thumbnail","hentry","category-algerie","category-sport"],"_links":{"self":[{"href":"https:\/\/linitiative.ca\/International\/wp-json\/wp\/v2\/posts\/22369","targetHints":{"allow":["GET"]}}],"collection":[{"href":"https:\/\/linitiative.ca\/International\/wp-json\/wp\/v2\/posts"}],"about":[{"href":"https:\/\/linitiative.ca\/International\/wp-json\/wp\/v2\/types\/post"}],"author":[{"embeddable":true,"href":"https:\/\/linitiative.ca\/International\/wp-json\/wp\/v2\/users\/1738"}],"replies":[{"embeddable":true,"href":"https:\/\/linitiative.ca\/International\/wp-json\/wp\/v2\/comments?post=22369"}],"version-history":[{"count":0,"href":"https:\/\/linitiative.ca\/International\/wp-json\/wp\/v2\/posts\/22369\/revisions"}],"wp:featuredmedia":[{"embeddable":true,"href":"https:\/\/linitiative.ca\/International\/wp-json\/"}],"wp:attachment":[{"href":"https:\/\/linitiative.ca\/International\/wp-json\/wp\/v2\/media?parent=22369"}],"wp:term":[{"taxonomy":"category","embeddable":true,"href":"https:\/\/linitiative.ca\/International\/wp-json\/wp\/v2\/categories?post=22369"},{"taxonomy":"post_tag","embeddable":true,"href":"https:\/\/linitiative.ca\/International\/wp-json\/wp\/v2\/tags?post=22369"}],"curies":[{"name":"wp","href":"https:\/\/api.w.org\/{rel}","templated":true}]}}