{"id":22373,"date":"2019-03-17T15:14:13","date_gmt":"2019-03-17T19:14:13","guid":{"rendered":"https:\/\/linitiative.ca\/International\/pros-bennacer-simpose-face-a-frosinone\/"},"modified":"2019-03-17T15:14:13","modified_gmt":"2019-03-17T19:14:13","slug":"pros-bennacer-simpose-face-a-frosinone","status":"publish","type":"post","link":"https:\/\/linitiative.ca\/International\/pros-bennacer-simpose-face-a-frosinone\/","title":{"rendered":"Pros : Bennacer s\u2019impose face \u00e0 Frosinone"},"content":{"rendered":"<div readability=\"32\">\n<p>Auteur : <span>Riad O.<\/span> <span class=\"time\">dimanche 17 mars 2019 17:55<\/span><\/p>\n<\/div>\n<div id=\"post_core\" readability=\"35\">\n<p>C\u2019est un pr\u00e9cieux succ\u00e8s qu\u2019a r\u00e9alis\u00e9 aujourd\u2019hui Empoli lors de la 28\u00e8me journ\u00e9e de la S\u00e9rie A face \u00e0 la formation de Frosinone (2-1). Un succ\u00e8s important pour les co\u00e9quipiers de Bennacer dans la course au maintien. Le joueur milieu de terrain Alg\u00e9rien d\u2019Empoli a particip\u00e9 \u00e0 l\u2019int\u00e9gralit\u00e9 de la rencontre et a livr\u00e9 une belle prestation.<\/p>\n<p><strong>Publi\u00e9 dans :<\/strong> <span>BENNACER<\/span><\/p>\n<\/div>\n<p>Auteur:<br \/>\n<a href=\"http:\/\/www.lebuteur.com\/article\/detail?titre=bennacer-simpose-face-a-frosinone&#038;id=87249&#038;utm_source=feedburner&#038;utm_medium=feed&#038;utm_campaign=Feed%3A+GalerieFArtciles+%28Les+derniers+articles++-+lebuteur.com%29\">Cliquez ici pour lire l&rsquo;article depuis sa source.<\/a><\/p>\n","protected":false},"excerpt":{"rendered":"<p>Auteur : Riad O. dimanche 17 mars 2019 17:55 C\u2019est un pr\u00e9cieux succ\u00e8s qu\u2019a r\u00e9alis\u00e9 aujourd\u2019hui Empoli lors de la 28\u00e8me journ\u00e9e de la S\u00e9rie A face \u00e0 la formation de Frosinone (2-1). Un succ\u00e8s important pour les co\u00e9quipiers de Bennacer dans la course au maintien. Le joueur milieu de terrain Alg\u00e9rien d\u2019Empoli a particip\u00e9 [&hellip;]<\/p>\n","protected":false},"author":1738,"featured_media":22374,"comment_status":"closed","ping_status":"closed","sticky":false,"template":"","format":"standard","meta":{"fifu_image_url":"","fifu_image_alt":"","footnotes":""},"categories":[53,75],"tags":[],"class_list":["post-22373","post","type-post","status-publish","format-standard","has-post-thumbnail","hentry","category-algerie","category-sport"],"_links":{"self":[{"href":"https:\/\/linitiative.ca\/International\/wp-json\/wp\/v2\/posts\/22373","targetHints":{"allow":["GET"]}}],"collection":[{"href":"https:\/\/linitiative.ca\/International\/wp-json\/wp\/v2\/posts"}],"about":[{"href":"https:\/\/linitiative.ca\/International\/wp-json\/wp\/v2\/types\/post"}],"author":[{"embeddable":true,"href":"https:\/\/linitiative.ca\/International\/wp-json\/wp\/v2\/users\/1738"}],"replies":[{"embeddable":true,"href":"https:\/\/linitiative.ca\/International\/wp-json\/wp\/v2\/comments?post=22373"}],"version-history":[{"count":0,"href":"https:\/\/linitiative.ca\/International\/wp-json\/wp\/v2\/posts\/22373\/revisions"}],"wp:featuredmedia":[{"embeddable":true,"href":"https:\/\/linitiative.ca\/International\/wp-json\/"}],"wp:attachment":[{"href":"https:\/\/linitiative.ca\/International\/wp-json\/wp\/v2\/media?parent=22373"}],"wp:term":[{"taxonomy":"category","embeddable":true,"href":"https:\/\/linitiative.ca\/International\/wp-json\/wp\/v2\/categories?post=22373"},{"taxonomy":"post_tag","embeddable":true,"href":"https:\/\/linitiative.ca\/International\/wp-json\/wp\/v2\/tags?post=22373"}],"curies":[{"name":"wp","href":"https:\/\/api.w.org\/{rel}","templated":true}]}}