{"id":22375,"date":"2019-03-17T15:14:14","date_gmt":"2019-03-17T19:14:14","guid":{"rendered":"https:\/\/linitiative.ca\/International\/pros-schalke-04-bentaleb-envoye-en-equipe-reserve\/"},"modified":"2019-03-17T15:14:14","modified_gmt":"2019-03-17T19:14:14","slug":"pros-schalke-04-bentaleb-envoye-en-equipe-reserve","status":"publish","type":"post","link":"https:\/\/linitiative.ca\/International\/pros-schalke-04-bentaleb-envoye-en-equipe-reserve\/","title":{"rendered":"Pros : Schalke 04: Bentaleb envoy\u00e9 en \u00e9quipe r\u00e9serve"},"content":{"rendered":"<div readability=\"32\">\n<p>Auteur : <span>Riad O.<\/span> <span class=\"time\">dimanche 17 mars 2019 17:56<\/span><\/p>\n<\/div>\n<div id=\"post_core\" readability=\"38\">\n<p>Les mauvaises nouvelles se multiplient pour Nabil Bentaleb. Alors que rien ne vas plus pour son team de Schalke 04 en Bundesliga, et 24 heures seulement apr\u00e8s sa non-convocation pour le prochain stage des Verts, Bentaleb vient d\u2019\u00eatre \u00e9carter de l\u2019\u00e9quipe premi\u00e8re allemande. Aujourd\u2019hui, la formation de Schalke 04 a indiqu\u00e9 que Bentaleb va s\u2019entra\u00eener avec l\u2019\u00e9quipe r\u00e9serve pour des raisons disciplinaires. Aucun autre d\u00e9tail n\u2019a \u00e9t\u00e9 communiqu\u00e9 par la direction du club concernant les raisons de ce probl\u00e8me entre les deux parties. Bentaleb est ainsi donc sanctionn\u00e9 jusqu\u2019\u00e0 nouvel ordre.<\/p>\n<p><strong>Publi\u00e9 dans :<\/strong> <span>bentaleb<\/span><\/p>\n<\/div>\n<p>Auteur:<br \/>\n<a href=\"http:\/\/www.lebuteur.com\/article\/detail?titre=schalke-04-bentaleb-envoye-en-equipe-reserve&#038;id=87250&#038;utm_source=feedburner&#038;utm_medium=feed&#038;utm_campaign=Feed%3A+GalerieFArtciles+%28Les+derniers+articles++-+lebuteur.com%29\">Cliquez ici pour lire l&rsquo;article depuis sa source.<\/a><\/p>\n","protected":false},"excerpt":{"rendered":"<p>Auteur : Riad O. dimanche 17 mars 2019 17:56 Les mauvaises nouvelles se multiplient pour Nabil Bentaleb. Alors que rien ne vas plus pour son team de Schalke 04 en Bundesliga, et 24 heures seulement apr\u00e8s sa non-convocation pour le prochain stage des Verts, Bentaleb vient d\u2019\u00eatre \u00e9carter de l\u2019\u00e9quipe premi\u00e8re allemande. Aujourd\u2019hui, la formation [&hellip;]<\/p>\n","protected":false},"author":1738,"featured_media":22376,"comment_status":"closed","ping_status":"closed","sticky":false,"template":"","format":"standard","meta":{"fifu_image_url":"","fifu_image_alt":"","footnotes":""},"categories":[53,75],"tags":[],"class_list":["post-22375","post","type-post","status-publish","format-standard","has-post-thumbnail","hentry","category-algerie","category-sport"],"_links":{"self":[{"href":"https:\/\/linitiative.ca\/International\/wp-json\/wp\/v2\/posts\/22375","targetHints":{"allow":["GET"]}}],"collection":[{"href":"https:\/\/linitiative.ca\/International\/wp-json\/wp\/v2\/posts"}],"about":[{"href":"https:\/\/linitiative.ca\/International\/wp-json\/wp\/v2\/types\/post"}],"author":[{"embeddable":true,"href":"https:\/\/linitiative.ca\/International\/wp-json\/wp\/v2\/users\/1738"}],"replies":[{"embeddable":true,"href":"https:\/\/linitiative.ca\/International\/wp-json\/wp\/v2\/comments?post=22375"}],"version-history":[{"count":0,"href":"https:\/\/linitiative.ca\/International\/wp-json\/wp\/v2\/posts\/22375\/revisions"}],"wp:featuredmedia":[{"embeddable":true,"href":"https:\/\/linitiative.ca\/International\/wp-json\/"}],"wp:attachment":[{"href":"https:\/\/linitiative.ca\/International\/wp-json\/wp\/v2\/media?parent=22375"}],"wp:term":[{"taxonomy":"category","embeddable":true,"href":"https:\/\/linitiative.ca\/International\/wp-json\/wp\/v2\/categories?post=22375"},{"taxonomy":"post_tag","embeddable":true,"href":"https:\/\/linitiative.ca\/International\/wp-json\/wp\/v2\/tags?post=22375"}],"curies":[{"name":"wp","href":"https:\/\/api.w.org\/{rel}","templated":true}]}}