{"id":22409,"date":"2019-03-17T04:42:03","date_gmt":"2019-03-17T08:42:03","guid":{"rendered":"https:\/\/linitiative.ca\/International\/lettre-ouverte-de-mohammed-harbi-et-nedjib-sidi-moussa-lalgerie-est-au-bord-de-leclosion\/"},"modified":"2019-03-17T04:42:03","modified_gmt":"2019-03-17T08:42:03","slug":"lettre-ouverte-de-mohammed-harbi-et-nedjib-sidi-moussa-lalgerie-est-au-bord-de-leclosion","status":"publish","type":"post","link":"https:\/\/linitiative.ca\/International\/lettre-ouverte-de-mohammed-harbi-et-nedjib-sidi-moussa-lalgerie-est-au-bord-de-leclosion\/","title":{"rendered":"Lettre ouverte de Mohammed Harbi et Nedjib Sidi Moussa : \u00abL\u2019Alg\u00e9rie est au bord de l\u2019\u00e9closion\u00bb"},"content":{"rendered":"<h4 class=\"title-14\"\/>\n<div class=\"featured_image\"><img width=\"700\" height=\"310\" data-cfsrc=\"https:\/\/www.elwatan.com\/wp-content\/uploads\/2019\/03\/Sans-titre-1-85-e1552772847135.gif\" class=\"attachment-post-thumbnail size-post-thumbnail wp-post-image c1\" alt=\"\"\/><noscript><\/p>\n<p><img loading=\"lazy\" decoding=\"async\" width=\"700\" height=\"310\" src=\"https:\/\/www.elwatan.com\/wp-content\/uploads\/2019\/03\/Sans-titre-1-85-e1552772847135.gif\" class=\"attachment-post-thumbnail size-post-thumbnail wp-post-image\" alt=\"\"\/><\/p>\n<p><\/noscript> <span class=\"featured-image-caption\">Par Mohammed Harbi et Nedjib Sidi Moussa<\/span><\/div>\n<p class=\"p1\"><span class=\"s1\">L<\/span>e surgissement populaire du 22 f\u00e9vrier constitue une rupture majeure dans notre histoire, comme dans celle du Maghreb. Il s\u2019agit de la consolider et d\u2019\u00e9largir le champ des possibles. Aujourd\u2019hui, les Alg\u00e9riens ont remport\u00e9 une premi\u00e8re victoire.<\/p>\n<p class=\"p2\">Notre t\u00e2che prioritaire est de tirer la le\u00e7on du soul\u00e8vement d\u2019Octobre 1988 et d\u2019\u00e9viter \u00e0 nouveau le \u00abd\u00e9tournement du fleuve\u00bb, \u00e0 savoir la confiscation de la souverainet\u00e9 populaire qui est \u00e0 l\u2019origine de l\u2019autoritarisme sous sa forme actuelle. Nous sommes devant une nouvelle crise du r\u00e9gime, mais le peuple alg\u00e9rien a d\u00e9j\u00e0 tranch\u00e9. Le FLN a v\u00e9cu, le 5<sup>e<\/sup> mandant aussi. L\u2019annonce du Pr\u00e9sident, ce 11 mars 2019, ne fait qu\u2019ent\u00e9riner cet \u00e9tat de fait.<\/p>\n<p class=\"p2\">Ici et l\u00e0, des alternatives politiciennes sont propos\u00e9es par les d\u00e9mocrates au nom du changement. Mais les int\u00e9r\u00eats des classes populaires sont rarement pris en consid\u00e9ration. Or, ce sont elles qui vivent le plus intens\u00e9ment l\u2019humiliation, les abus du pouvoir et la hogra.<\/p>\n<p class=\"p2\">Ces maux caract\u00e9risent tout le Maghreb. C\u2019est pourquoi, apr\u00e8s la r\u00e9volution tunisienne et le mouvement du 20 f\u00e9vrier 2011 au Maroc, la situation alg\u00e9rienne r\u00e9sonne avec autant de force chez tous ceux qui aspirent \u00e0 la dignit\u00e9.<\/p>\n<p class=\"p2\">Sans c\u00e9der \u00e0 l\u2019esprit de revanche, il nous faut prendre garde \u00e0 ce que les anciens partisans du statu quo ne se rach\u00e8tent pas une virginit\u00e9 au nom d\u2019une transition qui renouerait insidieusement avec l\u2019ancien r\u00e9gime et ses pratiques (corruption, client\u00e9lisme, pr\u00e9dation, etc.).<\/p>\n<p class=\"p2\">La d\u00e9mocratie, que chacun revendique d\u00e9sormais \u00e0 voix haute, est tout le contraire du consensus dont nous subissons les cons\u00e9quences. Souvenons-nous qu\u2019il a toujours constitu\u00e9 le cri de ralliement pour les classes dirigeantes.<\/p>\n<p class=\"p2\">Le souci d\u2019\u00e9tablir des rapports \u00e9galitaires est \u00e0 la base de la fraternit\u00e9 dont r\u00eave le peuple. Mais pour lui donner de la consistance, il faut sortir de l\u2019unanimisme de fa\u00e7ade qui constitue un frein \u00e0 la d\u00e9cantation et au regroupement des forces populaires.<\/p>\n<p class=\"p2\">La R\u00e9publique est \u00e0 refonder, en rupture avec les tentations despotiques assimil\u00e9es \u00e0 la monarchie par les acteurs du surgissement populaire.<\/p>\n<p class=\"p2\">Les aspirations des classes laborieuses, dont les femmes et la jeunesse constituent les moteurs, doivent \u00eatre affirm\u00e9es d\u00e8s \u00e0 pr\u00e9sent. Il faudra donc respecter leur autonomie d\u2019organisation et d\u2019action. Dans cette perspective, l\u2019\u00e9galit\u00e9 des sexes est indiscutable.<\/p>\n<p class=\"p2\">Contrairement \u00e0 l\u2019id\u00e9e selon laquelle les Alg\u00e9riennes et les Alg\u00e9riens se seraient r\u00e9veill\u00e9s le 22 f\u00e9vrier, les \u00e9v\u00e9nements en cours sont en r\u00e9alit\u00e9 le fruit d\u2019un long processus nourri du combat des forces les plus d\u00e9termin\u00e9es et pay\u00e9 par elles au prix fort.<\/p>\n<p class=\"p2\">De nombreuses luttes sectorielles, qui ne se sont gu\u00e8re aventur\u00e9es sur le terrain politique, ont \u00e9t\u00e9 men\u00e9es au cours de la derni\u00e8re p\u00e9riode, dans toutes les r\u00e9gions du pays.<\/p>\n<p class=\"p2\">Les concessions mat\u00e9rielles, faites par un gouvernement d\u00e9sireux d\u2019acheter la paix sociale, ont \u00e9t\u00e9 rattrap\u00e9es par l\u2019inflation et la chert\u00e9 de la vie, ce qui souligne l\u2019importance du mot d\u2019ordre de gr\u00e8ve g\u00e9n\u00e9rale pour d\u00e9passer la segmentation et se constituer en force ind\u00e9pendante.<\/p>\n<p class=\"p2\">La main tendue des oligarques aux travailleurs est un march\u00e9 de dupes et ne fait que perp\u00e9tuer leur subordination \u00e0 l\u2019agenda n\u00e9olib\u00e9ral. Car ce sont les hommes d\u2019affaires qui ont besoin des masses populaires pour faire pression sur le pouvoir afin de d\u00e9fendre leurs privil\u00e8ges. En revanche, les ch\u00f4meurs, les pauvres et les salari\u00e9s n\u2019ont pas besoin de s\u2019appuyer sur les milliardaires pour affirmer leurs propres objectifs.<\/p>\n<p class=\"p2\">Depuis 2012 au moins, s\u2019est constitu\u00e9e dans l\u2019ombre une clique comprenant les repr\u00e9sentants de la politique en uniforme, le Pr\u00e9sident et sa famille, ainsi que les affairistes. C\u2019est ce groupe qui a soutenu l\u2019appel \u00e0 un 4<sup>e<\/sup> mandat puis \u00e0 un 5<sup>e<\/sup>. Son arrogance est \u00e0 l\u2019origine du sursaut populaire. Soyons vigilants : l\u2019\u00e9pouvantail d\u2019une ing\u00e9rence de forces ext\u00e9rieures n\u2019est pas cr\u00e9dible. Arr\u00eatons de chercher le diable en dehors de nous. La crise oppose des forces sociales et politiques internes \u00e0 l\u2019Alg\u00e9rie.<\/p>\n<p class=\"p2\">L\u2019aspiration \u00e0 un changement radical s\u2019est exprim\u00e9e massivement et avec force dans les rues, faisant vaciller les tenants du r\u00e9gime. Pour la grande majorit\u00e9 de notre peuple, la qu\u00eate de la libert\u00e9 n\u2019est pas s\u00e9parable de celle de l\u2019\u00e9galit\u00e9.<\/p>\n<p class=\"p2\">Nous sommes aux c\u00f4t\u00e9s des classes populaires dans leur volont\u00e9 de g\u00e9rer elles-m\u00eames leurs propres affaires. Car il ne peut y avoir de d\u00e9mocratie r\u00e9elle sans prise en compte de leurs aspirations sp\u00e9cifiques.<\/p>\n<p class=\"p2\">Nous sommes partisans de l\u2019auto-organisation des travailleurs, \u00e0 travers la mise en place d\u2019assembl\u00e9es dans les quartiers, les villages et les villes, o\u00f9 les gens d\u00e9lib\u00e9reront de la prise en charge de tous les aspects de la vie quotidienne, sans la m\u00e9diation de l\u2019Etat ou des professionnels de la repr\u00e9sentation.<\/p>\n<p class=\"p2\">Il s\u2019agit d\u2019aller le plus loin possible dans la remise en cause de l\u2019ordre capitaliste, s\u00e9curitaire, patriarcal et religieux. Notre pays a h\u00e9rit\u00e9 de l\u2019esprit de la <em>hisba<\/em>, la surveillance de tous par tous. Opposons-lui le respect de l\u2019autonomie individuelle, la libert\u00e9 de conscience, celle de disposer de son propre corps, de le mettre en mouvement et de se r\u00e9approprier tous ensemble l\u2019espace public, comme l\u2019ont fait, dans la joie, les Alg\u00e9riennes et les Alg\u00e9riens.<\/p>\n<p class=\"p2\">Le chemin qui m\u00e8ne \u00e0 l\u2019\u00e9mancipation sociale est long, mais il n\u2019est pas d\u2019autre voie pour r\u00e9aliser l\u2019\u00e9panouissement de chacun et de tous.<\/p>\n<p><strong>Mohammed Harbi et Nedjib Sidi Moussa<\/strong><\/p>\n<div class=\"yuzo_related_post style-1\" data-version=\"5.12.88\">\n<p><h3>Related Post<\/h3>\n<\/p>\n<div class=\"yuzo_wraps\">\n<div class=\"relatedthumb relatedpost-373819 c11\"><a href=\"https:\/\/www.elwatan.com\/edition\/sports\/cette-etoile-qui-brillait-sur-le-football-africain-23-12-2018\"\/><\/p>\n<p><span class=\"yuzo__text--title c10\">Cette \u00e9toile qui brillait sur le football africain&#8230;<\/span><\/div>\n<div class=\"relatedthumb relatedpost-264142 c11\"><a href=\"https:\/\/www.elwatan.com\/edition\/actualite\/beatification-de-19-religieux-chretiens-samedi-a-oran-une-premiere-dans-un-pays-musulman-06-12-2018\"\/><\/p>\n<p><span class=\"yuzo__text--title c10\">B\u00e9atification de 19 religieux chr\u00e9tiens samedi \u00e0 O&#8230;<\/span><\/div>\n<div class=\"relatedthumb relatedpost-503870 c11\"><a href=\"https:\/\/www.elwatan.com\/regions\/centre\/actu-centre\/affaire-de-lirbl-une-commission-denquete-du-ministere-des-sports-simpose-08-01-2019\"\/><\/p>\n<p><span class=\"yuzo__text--title c10\">Affaire de l\u2019IRBL : Une commission d\u2019enqu\u00eate du mi&#8230;<\/span><\/div>\n<div class=\"relatedthumb relatedpost-316050 c11\"><a href=\"https:\/\/www.elwatan.com\/pages-hebdo\/magazine\/consecration-internationale-pour-lamaraz-arts-hotel-11-12-2018\"\/><\/p>\n<p><span class=\"yuzo__text--title c10\">Cons\u00e9cration internationale pour Lamaraz Arts H\u00f4te&#8230;<\/span><\/div>\n<\/div>\n<\/div>\n<p><span class=\"post-views-label\">Post Views:<\/span> <span class=\"post-views-count\">10\u00a0471<\/span><\/p>\n<p>Auteur: Hicham Chouadria<br \/>\n<a href=\"https:\/\/www.elwatan.com\/edition\/actualite\/lettre-ouverte-de-mohammed-harbi-et-nedjib-sidi-moussa-lalgerie-est-au-bord-de-leclosion-17-03-2019\">Cliquez ici pour lire l&rsquo;article depuis sa source.<\/a><\/p>\n","protected":false},"excerpt":{"rendered":"<p>Par Mohammed Harbi et Nedjib Sidi Moussa Le surgissement populaire du 22 f\u00e9vrier constitue une rupture majeure dans notre histoire, comme dans celle du Maghreb. Il s\u2019agit de la consolider et d\u2019\u00e9largir le champ des possibles. Aujourd\u2019hui, les Alg\u00e9riens ont remport\u00e9 une premi\u00e8re victoire. Notre t\u00e2che prioritaire est de tirer la le\u00e7on du soul\u00e8vement d\u2019Octobre [&hellip;]<\/p>\n","protected":false},"author":1743,"featured_media":22410,"comment_status":"closed","ping_status":"closed","sticky":false,"template":"","format":"standard","meta":{"fifu_image_url":"","fifu_image_alt":"","footnotes":""},"categories":[73,53],"tags":[],"class_list":["post-22409","post","type-post","status-publish","format-standard","has-post-thumbnail","hentry","category-actualite","category-algerie"],"_links":{"self":[{"href":"https:\/\/linitiative.ca\/International\/wp-json\/wp\/v2\/posts\/22409","targetHints":{"allow":["GET"]}}],"collection":[{"href":"https:\/\/linitiative.ca\/International\/wp-json\/wp\/v2\/posts"}],"about":[{"href":"https:\/\/linitiative.ca\/International\/wp-json\/wp\/v2\/types\/post"}],"author":[{"embeddable":true,"href":"https:\/\/linitiative.ca\/International\/wp-json\/wp\/v2\/users\/1743"}],"replies":[{"embeddable":true,"href":"https:\/\/linitiative.ca\/International\/wp-json\/wp\/v2\/comments?post=22409"}],"version-history":[{"count":0,"href":"https:\/\/linitiative.ca\/International\/wp-json\/wp\/v2\/posts\/22409\/revisions"}],"wp:featuredmedia":[{"embeddable":true,"href":"https:\/\/linitiative.ca\/International\/wp-json\/"}],"wp:attachment":[{"href":"https:\/\/linitiative.ca\/International\/wp-json\/wp\/v2\/media?parent=22409"}],"wp:term":[{"taxonomy":"category","embeddable":true,"href":"https:\/\/linitiative.ca\/International\/wp-json\/wp\/v2\/categories?post=22409"},{"taxonomy":"post_tag","embeddable":true,"href":"https:\/\/linitiative.ca\/International\/wp-json\/wp\/v2\/tags?post=22409"}],"curies":[{"name":"wp","href":"https:\/\/api.w.org\/{rel}","templated":true}]}}