{"id":22427,"date":"2019-03-17T06:00:00","date_gmt":"2019-03-17T10:00:00","guid":{"rendered":"https:\/\/linitiative.ca\/International\/le-raid-a-lambassade-de-coree-du-nord-a-madrid-mene-par-un-groupe-dissident\/"},"modified":"2019-03-17T06:00:00","modified_gmt":"2019-03-17T10:00:00","slug":"le-raid-a-lambassade-de-coree-du-nord-a-madrid-mene-par-un-groupe-dissident","status":"publish","type":"post","link":"https:\/\/linitiative.ca\/International\/le-raid-a-lambassade-de-coree-du-nord-a-madrid-mene-par-un-groupe-dissident\/","title":{"rendered":"Le raid \u00e0 l&rsquo;ambassade de Cor\u00e9e du Nord \u00e0 Madrid men\u00e9 par un groupe dissident"},"content":{"rendered":"<p>Un groupe ayant pour objectif de renverser le r\u00e9gime nord-cor\u00e9en de Kim Jong Un est \u00e0 l&rsquo;origine de l&rsquo;intrusion dans l&rsquo;ambassade de Cor\u00e9e du Nord en Espagne en f\u00e9vrier, \u00e9crit le Washington Post, offrant une nouvelle version \u00e0 ce myst\u00e9rieux incident.\u00a0<br \/>Dix personnes ont fait irruption dans la mission diplomatique de Pyongyang \u00e0 Madrid le 22 f\u00e9vrier, menottant et b\u00e2illonnant des membres du personnel plusieurs heures avant d&#8217;emporter des ordinateurs, des documents et des t\u00e9l\u00e9phones. Elles \u00e9taient munies d&rsquo;armes factices et se sont enfuies \u00e0 bord de deux v\u00e9hicules de l&rsquo;ambassade, abandonn\u00e9s plus tard.\u00a0 Cet assaut s&rsquo;est d\u00e9roul\u00e9 quelques jours avant le second sommet entre le Pr\u00e9sident am\u00e9ricain Donald Trump et Kim Jong Un \u00e0 Hano\u00ef, les 27 et 28 f\u00e9vrier.\u00a0\u00a0<br \/>Ils n&rsquo;ont pas r\u00e9ussi \u00e0 conclure un accord sur la d\u00e9nucl\u00e9arisation de la p\u00e9ninsule cor\u00e9enne.\u00a0<br \/>Les sp\u00e9culations sur l&rsquo;identit\u00e9 et les motivations du groupe d&rsquo;assaillants ont envahi les m\u00e9dias espagnols. Le quotidien El Pais, citant des sources polici\u00e8res et au sein du contre-espionnage espagnol (CNI), a affirm\u00e9 cette semaine qu&rsquo;au moins deux membres de ce commando \u00abont \u00e9t\u00e9 identifi\u00e9s et ont des liens avec les services secrets des Etats-Unis\u00bb. Avec la CIA, a-t-il pr\u00e9cis\u00e9.\u00a0<br \/>Mais d&rsquo;apr\u00e8s le Washington Post vendredi soir, le raid a \u00e9t\u00e9 men\u00e9 par un groupe baptis\u00e9 D\u00e9fense civile Cheollima (DCC), qui propose son aide aux Nord-Cor\u00e9ens tentant de fuir leur pays et qui veut renverser le r\u00e9gime.\u00a0<br \/>Faisant r\u00e9f\u00e9rence \u00e0 des personnes ayant des informations sur la pr\u00e9paration et l&rsquo;ex\u00e9cution de l&rsquo;op\u00e9ration, le quotidien ajoute que le DCC n&rsquo;a pas agi en coordination avec un quelconque gouvernement et que les agences am\u00e9ricaines auraient \u00e9t\u00e9 particuli\u00e8rement r\u00e9ticentes \u00e0 s&rsquo;impliquer dans un tel projet \u00e9tant donn\u00e9 le calendrier. Quant au butin des assaillants, il peut contenir \u00abdes contacts et des documents li\u00e9s aux efforts de la Cor\u00e9e du Nord pour esquiver les sanctions et importer des produits de luxe depuis l&rsquo;Europe\u00bb, a expliqu\u00e9 au journal Sung-Yoon Lee, expert de la Cor\u00e9e du Nord \u00e0 l&rsquo;universit\u00e9 Tufts.\u00a0<br \/>Le DCC a \u00e9merg\u00e9 en 2017 lorsqu&rsquo;il a publi\u00e9 sur internet une vid\u00e9o du neveu de Kim Jong Un expliquant s&rsquo;\u00eatre mis en s\u00e9curit\u00e9 apr\u00e8s l&rsquo;assassinat avec un agent neurotoxique de son p\u00e8re Kim Jong Nam \u2014 demi-fr\u00e8re exil\u00e9 du dirigeant nord-cor\u00e9en \u2014 \u00e0 l&rsquo;a\u00e9roport de Kuala Lumpur en f\u00e9vrier 2017.\u00a0<br \/>En f\u00e9vrier, le groupe a annonc\u00e9 la cr\u00e9ation d&rsquo;un gouvernement nord-cor\u00e9en en exil baptis\u00e9 \u00abJoseon libre\u00bb, du nom de la dynastie qui occupa le tr\u00f4ne cor\u00e9en de 1392 \u00e0 1910, ann\u00e9e de l&rsquo;annexion par le Japon.\u00a0<br \/>La version du Washington Post est la derni\u00e8re en date pour cet incident sur lequel la police et le gouvernement espagnols n&rsquo;ont rien confirm\u00e9 officiellement, si ce n&rsquo;est qu&rsquo;une Nord-Cor\u00e9enne a \u00e9t\u00e9 prise en charge l\u00e9g\u00e8rement bless\u00e9e sur la voie publique non loin de l&rsquo;ambassade. D&rsquo;apr\u00e8s El Pais, Madrid a demand\u00e9 des explications \u00e0 la CIA et celle-ci a d\u00e9menti toute implication. Mais les autorit\u00e9s espagnoles ont qualifi\u00e9 cette\u00a0 r\u00e9ponse de \u00abpeu convaincante\u00bb, estimant que les services secrets am\u00e9ricains avaient agi \u00abprobablement en coop\u00e9ration\u00bb avec ceux de la Cor\u00e9e du Sud.\u00a0<br \/>La mission diplomatique nord-cor\u00e9enne \u00e0 Madrid n&rsquo;a plus d&rsquo;ambassadeur depuis l&rsquo;expulsion en septembre 2017 de Kim Hyok Chol, d\u00e9clar\u00e9 \u00abpersona non grata\u00bb apr\u00e8s les essais nucl\u00e9aires et tirs de missiles men\u00e9s par Pyongyang.\u00a0<br \/>Il est depuis devenu \u00e9missaire nord-cor\u00e9en pour les Etats-Unis et a particip\u00e9 aux pr\u00e9paratifs du sommet de Hano\u00ef.\u00a0<\/p>\n<p>Auteur:<br \/>\n<a href=\"https:\/\/www.lesoirdalgerie.com\/monde\/le-raid-a-lambassade-de-coree-du-nord-a-madrid-mene-par-un-groupe-dissident-20741\">Cliquez ici pour lire l&rsquo;article depuis sa source.<\/a><\/p>\n","protected":false},"excerpt":{"rendered":"<p>Un groupe ayant pour objectif de renverser le r\u00e9gime nord-cor\u00e9en de Kim Jong Un est \u00e0 l&rsquo;origine de l&rsquo;intrusion dans l&rsquo;ambassade de Cor\u00e9e du Nord en Espagne en f\u00e9vrier, \u00e9crit le Washington Post, offrant une nouvelle version \u00e0 ce myst\u00e9rieux incident.\u00a0Dix personnes ont fait irruption dans la mission diplomatique de Pyongyang \u00e0 Madrid le 22 [&hellip;]<\/p>\n","protected":false},"author":1741,"featured_media":0,"comment_status":"closed","ping_status":"closed","sticky":false,"template":"","format":"standard","meta":{"fifu_image_url":"","fifu_image_alt":"","footnotes":""},"categories":[73,53],"tags":[],"class_list":["post-22427","post","type-post","status-publish","format-standard","hentry","category-actualite","category-algerie"],"_links":{"self":[{"href":"https:\/\/linitiative.ca\/International\/wp-json\/wp\/v2\/posts\/22427","targetHints":{"allow":["GET"]}}],"collection":[{"href":"https:\/\/linitiative.ca\/International\/wp-json\/wp\/v2\/posts"}],"about":[{"href":"https:\/\/linitiative.ca\/International\/wp-json\/wp\/v2\/types\/post"}],"author":[{"embeddable":true,"href":"https:\/\/linitiative.ca\/International\/wp-json\/wp\/v2\/users\/1741"}],"replies":[{"embeddable":true,"href":"https:\/\/linitiative.ca\/International\/wp-json\/wp\/v2\/comments?post=22427"}],"version-history":[{"count":0,"href":"https:\/\/linitiative.ca\/International\/wp-json\/wp\/v2\/posts\/22427\/revisions"}],"wp:attachment":[{"href":"https:\/\/linitiative.ca\/International\/wp-json\/wp\/v2\/media?parent=22427"}],"wp:term":[{"taxonomy":"category","embeddable":true,"href":"https:\/\/linitiative.ca\/International\/wp-json\/wp\/v2\/categories?post=22427"},{"taxonomy":"post_tag","embeddable":true,"href":"https:\/\/linitiative.ca\/International\/wp-json\/wp\/v2\/tags?post=22427"}],"curies":[{"name":"wp","href":"https:\/\/api.w.org\/{rel}","templated":true}]}}