{"id":22428,"date":"2019-03-17T06:00:00","date_gmt":"2019-03-17T10:00:00","guid":{"rendered":"https:\/\/linitiative.ca\/International\/un-ex-premier-ministre-candidat-independant-mais-soutenu-par-le-parti-islamiste\/"},"modified":"2019-03-17T06:00:00","modified_gmt":"2019-03-17T10:00:00","slug":"un-ex-premier-ministre-candidat-independant-mais-soutenu-par-le-parti-islamiste","status":"publish","type":"post","link":"https:\/\/linitiative.ca\/International\/un-ex-premier-ministre-candidat-independant-mais-soutenu-par-le-parti-islamiste\/","title":{"rendered":"Un ex-Premier ministre candidat \u00abind\u00e9pendant\u00bb mais soutenu par le parti islamiste"},"content":{"rendered":"<p>Un ancien Premier ministre mauritanien pendant la transition d\u00e9mocratique de 2005-2007, Sidi Mohamed Ould Boubacar, a annonc\u00e9 samedi sa candidature \u00e0 la pr\u00e9sidentielle de juin \u00aben tant que candidat ind\u00e9pendant\u00bb, tout en b\u00e9n\u00e9ficiant du soutien du parti islamiste Tewassoul, premi\u00e8re formation de l&rsquo;opposition.\u00a0<br \/>M. Ould Boubacar, 61 ans, affrontera lors de ce scrutin, dont la date pr\u00e9cise n&rsquo;a pas encore \u00e9t\u00e9 fix\u00e9e, le \u00abdauphin\u00bb de l&rsquo;actuel pr\u00e9sident Mohamed Ould Abdel Aziz, l&rsquo;ancien g\u00e9n\u00e9ral Ould Ghazouani, qui a quitt\u00e9 vendredi son poste de ministre de la D\u00e9fense apr\u00e8s avoir officialis\u00e9 d\u00e9but mars sa candidature. Ancien g\u00e9n\u00e9ral arriv\u00e9 au pouvoir par un coup d&rsquo;Etat en 2008 puis \u00e9lu en 2009 et r\u00e9\u00e9lu en 2014, le pr\u00e9sident Ould Abdel Aziz ne peut se repr\u00e9senter au terme de son second mandat qui s&rsquo;ach\u00e8ve en ao\u00fbt.\u00a0<br \/>M. Ould Boubacar affirme dans un communiqu\u00e9 avoir pris sa d\u00e9cision de se pr\u00e9senter aux suffrages des Mauritaniens \u00aben tant que candidat ind\u00e9pendant\u00bb apr\u00e8s \u00abun examen approfondi de la situation du pays\u00bb et des \u00abcontacts et discussions \u00e9largies avec les divers acteurs politiques et les forces vives du pays\u00bb, qu&rsquo;il juge \u00abfructueux\u00bb.\u00a0<br \/>Premier ministre (1992-1996) sous le pr\u00e9sident Maaouiya Ould Sid Ahmed Taya, puis chef du gouvernement lors de la transition d\u00e9mocratique ayant suivi le putsch de 2005, M. Ould Boubacar avait re\u00e7u d\u00e8s jeudi le soutien officiel du parti islamiste Tewassoul (14 d\u00e9put\u00e9s), b\u00eate noire du r\u00e9gime. D&rsquo;autres plus petites formations de l&rsquo;opposition dite \u00abradicale\u00bb devraient \u00e9galement se ranger derri\u00e8re cette candidature \u00abind\u00e9pendante\u00bb. Deux formations de l&rsquo;opposition, le Rassemblement pour la d\u00e9mocratie et l&rsquo;unit\u00e9 (RDU) et le parti Adil, ont en revanche d\u00e9cid\u00e9 de soutenir le candidat du pouvoir.\u00a0<br \/>Le militant anti-esclavagiste Biram Ould Dah Ould Abeid, d\u00e9j\u00e0 candidat au scrutin pr\u00e9sidentiel de 2014 et \u00e9lu d\u00e9put\u00e9 en septembre gr\u00e2ce \u00e0 une alliance entre son mouvement non reconnu et le parti d&rsquo;orientation baassiste (nationaliste arabe) Assawab, a d\u00e9j\u00e0 exprim\u00e9 sa volont\u00e9 de se pr\u00e9senter, tout en estimant \u00abimpossible de rivaliser avec l&rsquo;Etat et son candidat\u00bb. D&rsquo;autres personnalit\u00e9s pourraient encore pr\u00e9senter leur candidature dans les prochaines semaines. Malgr\u00e9 des semaines de pourparlers, l&rsquo;opposition n&rsquo;est pas parvenue \u00e0 s&rsquo;unir. \u00abNous avons d\u00e9cid\u00e9 de laisser \u00e0 chaque parti la libert\u00e9 de choisir son candidat, tout en continuant \u00e0 coordonner nos positions, surtout en cas de second tour\u00bb, a expliqu\u00e9 Mohamed Ould Moloud, pr\u00e9sident de la coalition \u00e9lectorale de l&rsquo;opposition d\u00e9mocratique (CEOD) qui regroupe la plupart des partis de l&rsquo;opposition dite radicale. La Mauritanie a, par ailleurs, d\u00e9cr\u00e9t\u00e9 samedi un deuil national de trois jours apr\u00e8s le d\u00e9c\u00e8s d&rsquo;un ancien pr\u00e9sident, le lieutenant-colonel Mahmoud Ould Ahmed Louly, qui avait dirig\u00e9 le pays de juin 1979 \u00e0 janvier 1980 en tant que chef d&rsquo;un Comit\u00e9 militaire de Salut national ayant pris le pouvoir quelques semaines plus t\u00f4t \u00e0 la faveur d&rsquo;un coup d&rsquo;Etat entre militaires.<\/p>\n<p>Auteur:<br \/>\n<a href=\"https:\/\/www.lesoirdalgerie.com\/monde\/un-ex-premier-ministre-candidat-independant-mais-soutenu-par-le-parti-islamiste-20740\">Cliquez ici pour lire l&rsquo;article depuis sa source.<\/a><\/p>\n","protected":false},"excerpt":{"rendered":"<p>Un ancien Premier ministre mauritanien pendant la transition d\u00e9mocratique de 2005-2007, Sidi Mohamed Ould Boubacar, a annonc\u00e9 samedi sa candidature \u00e0 la pr\u00e9sidentielle de juin \u00aben tant que candidat ind\u00e9pendant\u00bb, tout en b\u00e9n\u00e9ficiant du soutien du parti islamiste Tewassoul, premi\u00e8re formation de l&rsquo;opposition.\u00a0M. Ould Boubacar, 61 ans, affrontera lors de ce scrutin, dont la date [&hellip;]<\/p>\n","protected":false},"author":1741,"featured_media":0,"comment_status":"closed","ping_status":"closed","sticky":false,"template":"","format":"standard","meta":{"fifu_image_url":"","fifu_image_alt":"","footnotes":""},"categories":[73,53],"tags":[],"class_list":["post-22428","post","type-post","status-publish","format-standard","hentry","category-actualite","category-algerie"],"_links":{"self":[{"href":"https:\/\/linitiative.ca\/International\/wp-json\/wp\/v2\/posts\/22428","targetHints":{"allow":["GET"]}}],"collection":[{"href":"https:\/\/linitiative.ca\/International\/wp-json\/wp\/v2\/posts"}],"about":[{"href":"https:\/\/linitiative.ca\/International\/wp-json\/wp\/v2\/types\/post"}],"author":[{"embeddable":true,"href":"https:\/\/linitiative.ca\/International\/wp-json\/wp\/v2\/users\/1741"}],"replies":[{"embeddable":true,"href":"https:\/\/linitiative.ca\/International\/wp-json\/wp\/v2\/comments?post=22428"}],"version-history":[{"count":0,"href":"https:\/\/linitiative.ca\/International\/wp-json\/wp\/v2\/posts\/22428\/revisions"}],"wp:attachment":[{"href":"https:\/\/linitiative.ca\/International\/wp-json\/wp\/v2\/media?parent=22428"}],"wp:term":[{"taxonomy":"category","embeddable":true,"href":"https:\/\/linitiative.ca\/International\/wp-json\/wp\/v2\/categories?post=22428"},{"taxonomy":"post_tag","embeddable":true,"href":"https:\/\/linitiative.ca\/International\/wp-json\/wp\/v2\/tags?post=22428"}],"curies":[{"name":"wp","href":"https:\/\/api.w.org\/{rel}","templated":true}]}}