{"id":22429,"date":"2019-03-17T06:00:00","date_gmt":"2019-03-17T10:00:00","guid":{"rendered":"https:\/\/linitiative.ca\/International\/la-rue-dans-son-nouveau-monde\/"},"modified":"2019-03-17T06:00:00","modified_gmt":"2019-03-17T10:00:00","slug":"la-rue-dans-son-nouveau-monde","status":"publish","type":"post","link":"https:\/\/linitiative.ca\/International\/la-rue-dans-son-nouveau-monde\/","title":{"rendered":"La rue dans son nouveau monde"},"content":{"rendered":"<p class=\"c3\">D\u2019un vendredi \u00e0 l\u2019autre, la rue alg\u00e9rienne nous d\u00e9livre de nouveaux enseignements. Et ce n\u2019est pas la caresser dans le sens du poil ou lui tresser des lauriers imm\u00e9rit\u00e9s que de dire qu\u2019elle n\u2019a pas d\u00e9\u00e7u, jusque-l\u00e0. Comme illustrations, beaucoup de choses ont \u00e9t\u00e9 rapport\u00e9es par la presse, les observateurs avertis ou simplement les t\u00e9moins privil\u00e9gi\u00e9s du terrain de la contestation. Mais tout n\u2019a peut-\u00eatre pas \u00e9t\u00e9 dit, non pas parce qu\u2019on veut voiler des fausses notes mais parce que les\u2026 bonnes notes sont tellement nombreuses qu\u2019on peut oublier d\u2019en narrer certaines, sinon ne pas en remarquer d\u2019autres, m\u00eame le regard le plus vigilant n\u2019\u00e9tant pas infaillible. D\u2019abord ce constat de fond qui d\u00e9termine \u00e0 coup s\u00fbr tout le reste : dans sa col\u00e8re, la rue semble avoir fait, avec un rare bonheur, toutes les mutations qu\u2019on pouvait attendre dans la foul\u00e9e de ses revendications. Et parfois celles qu\u2019on ne pouvait pas attendre, le niveau d\u2019exigence r\u00e9v\u00e9lant \u00e0 chaque nouveau rendez-vous sa courbe ascendante, \u00e0 mesure qu\u2019\u00e9paissit la mobilisation et s\u2019affermit la d\u00e9termination. Le dernier vendredi a commenc\u00e9 au soir du jeudi. Sur les hauteurs du centre de la capitale, les citoyens s\u2019organisaient pour que ne se reproduise pas la fausse note du vendredi d\u2019avant o\u00f9 des casseurs surgis d\u2019on ne sait o\u00f9 auraient pu ternir la belle journ\u00e9e de protestation apais\u00e9e. Quelle rupture avec l\u2019arm\u00e9e de baltaguia align\u00e9e par un commissaire de police qui les invitait \u00e0 \u00ab d\u00e9fendre leur quartier contre l\u2019invasion kabyle\u00bb, il y a pr\u00e8s de 18 ans ! Cette image de rupture, on pouvait la retrouver dans une phrase surprise dans la bouche d\u2019un marcheur \u00e9changeant\u00a0 \u00e0 haute voix avec sa compagne : \u00ab On a mal fait de ne pas soutenir les Kabyles en 2001 \u00bb ! Dans la peur vaincue des cafetiers et gargotiers de la rue Richelieu qui ont ouvert leurs \u00e9choppes \u00e0 la mar\u00e9e de manifestants alors qu\u2019il n\u2019y a pas longtemps, ils tiraient rideau devant une centaine de jeunes sortis d\u2019un stade de foot. Dans la r\u00e9plique de l\u2019ami Mustapha Hamouche\u00a0 \u00e0 qui on faisait remarquer qu\u2019il n\u2019y a aucun visage inqui\u00e9tant dans la foule : \u00ab Les gens ne sont pas inqui\u00e9tants parce qu\u2019ils ne sont pas inquiets \u00bb ! Dans cette haie d\u2019honneur dress\u00e9e aux policiers traversant la foule en file indienne pour changer d\u2019emplacement. Sur les pas p\u00e9nibles de ces deux anciens ministres, l\u2019un s\u00e9rieusement fatigu\u00e9 et l\u2019autre lui tenant la main.<br \/>Ils ont \u00e9t\u00e9 interpell\u00e9s par un groupe de jeunes, non pas parce qu\u2019ils les avaient reconnus mais parce qu\u2019ils ont \u00e9t\u00e9 sensibles \u00e0 leur \u00e2ge et \u00e0 la lourdeur de leurs pas. S\u2019ils s\u2019\u00e9taient pr\u00e9sent\u00e9s, rien n\u2019aurait chang\u00e9. Sinon, ils n\u2019auraient peut-\u00eatre pas \u00e9t\u00e9 l\u00e0. Enfin, dans le slogan partag\u00e9 comme dans le propos \u00e9chang\u00e9 en apart\u00e9. Prenez n\u2019importe quel manifestant et vous serez syst\u00e9matiquement surpris par sa lucidit\u00e9. La rue veut un autre monde et elle a commenc\u00e9 par en donner \u00e0 chaque fois une nouvelle et belle esquisse. Et ce n\u2019est certainement pas termin\u00e9.<br \/><em><strong>S. L.<\/strong><\/em><\/p>\n<p>Auteur:<br \/>\n<a href=\"https:\/\/www.lesoirdalgerie.com\/constances\/la-rue-dans-son-nouveau-monde-20739\">Cliquez ici pour lire l&rsquo;article depuis sa source.<\/a><\/p>\n","protected":false},"excerpt":{"rendered":"<p>D\u2019un vendredi \u00e0 l\u2019autre, la rue alg\u00e9rienne nous d\u00e9livre de nouveaux enseignements. Et ce n\u2019est pas la caresser dans le sens du poil ou lui tresser des lauriers imm\u00e9rit\u00e9s que de dire qu\u2019elle n\u2019a pas d\u00e9\u00e7u, jusque-l\u00e0. Comme illustrations, beaucoup de choses ont \u00e9t\u00e9 rapport\u00e9es par la presse, les observateurs avertis ou simplement les t\u00e9moins [&hellip;]<\/p>\n","protected":false},"author":1741,"featured_media":0,"comment_status":"closed","ping_status":"closed","sticky":false,"template":"","format":"standard","meta":{"fifu_image_url":"","fifu_image_alt":"","footnotes":""},"categories":[73,53],"tags":[],"class_list":["post-22429","post","type-post","status-publish","format-standard","hentry","category-actualite","category-algerie"],"_links":{"self":[{"href":"https:\/\/linitiative.ca\/International\/wp-json\/wp\/v2\/posts\/22429","targetHints":{"allow":["GET"]}}],"collection":[{"href":"https:\/\/linitiative.ca\/International\/wp-json\/wp\/v2\/posts"}],"about":[{"href":"https:\/\/linitiative.ca\/International\/wp-json\/wp\/v2\/types\/post"}],"author":[{"embeddable":true,"href":"https:\/\/linitiative.ca\/International\/wp-json\/wp\/v2\/users\/1741"}],"replies":[{"embeddable":true,"href":"https:\/\/linitiative.ca\/International\/wp-json\/wp\/v2\/comments?post=22429"}],"version-history":[{"count":0,"href":"https:\/\/linitiative.ca\/International\/wp-json\/wp\/v2\/posts\/22429\/revisions"}],"wp:attachment":[{"href":"https:\/\/linitiative.ca\/International\/wp-json\/wp\/v2\/media?parent=22429"}],"wp:term":[{"taxonomy":"category","embeddable":true,"href":"https:\/\/linitiative.ca\/International\/wp-json\/wp\/v2\/categories?post=22429"},{"taxonomy":"post_tag","embeddable":true,"href":"https:\/\/linitiative.ca\/International\/wp-json\/wp\/v2\/tags?post=22429"}],"curies":[{"name":"wp","href":"https:\/\/api.w.org\/{rel}","templated":true}]}}