{"id":22433,"date":"2019-03-17T06:56:11","date_gmt":"2019-03-17T10:56:11","guid":{"rendered":"https:\/\/linitiative.ca\/International\/miloudi-moukharik-reconduit-a-la-tete-de-lumt\/"},"modified":"2019-03-17T06:56:11","modified_gmt":"2019-03-17T10:56:11","slug":"miloudi-moukharik-reconduit-a-la-tete-de-lumt","status":"publish","type":"post","link":"https:\/\/linitiative.ca\/International\/miloudi-moukharik-reconduit-a-la-tete-de-lumt\/","title":{"rendered":"Miloudi Moukharik reconduit \u00e0 la t\u00eate de l\u2019UMT"},"content":{"rendered":"<p>Le secr\u00e9taire g\u00e9n\u00e9ral de l\u2019Union marocaine du travail, <strong>Miloudi Moukharik<\/strong>, a \u00e9t\u00e9 reconduit, dans la nuit de samedi \u00e0 dimanche, pour un nouveau mandat de quatre ans \u00e0 la t\u00eate de la centrale syndicale.<\/p>\n<div class=\"c10\"\/>\n<p>Moukharik, \u00e2g\u00e9 de 69 ans, a \u00e9t\u00e9 r\u00e9\u00e9lu \u00e0 l\u2019unanimit\u00e9 par quelque 1.500 d\u00e9l\u00e9gu\u00e9s, qui participaient au 12\u00e8me congr\u00e8s national de l\u2019Union, a indiqu\u00e9 une source syndicale. Les congressistes ont \u00e9t\u00e9 mandat\u00e9s par 63 unions locales et r\u00e9gionales, 45 f\u00e9d\u00e9rations professionnelles et syndicats nationaux, ainsi que par les structures parall\u00e8les.<\/p>\n<p>Miloudi Moukharik a \u00e9t\u00e9 \u00e9lu, pour la premi\u00e8re fois, secr\u00e9taire g\u00e9n\u00e9ral de l\u2019<strong>Union marocaine du travail<\/strong>\u00a0(UMT) en d\u00e9cembre 2010 \u00e0 l\u2019occasion du 11\u00e8me congr\u00e8s, avant de remporter un nouveau mandat quatre ans plus tard. La c\u00e9r\u00e9monie d\u2019ouverture de ce congr\u00e8s a \u00e9t\u00e9 marqu\u00e9e par la pr\u00e9sence de repr\u00e9sentants d\u2019organisations syndicales r\u00e9gionales et internationales, des leaders de partis politiques, outre des repr\u00e9sentants des associations des droits de l\u2019Homme et de la soci\u00e9t\u00e9 civile. Ces assises ont \u00e9t\u00e9 l\u2019occasion pour faire le bilan du mandat pass\u00e9 (2015\/2019), fixer les priorit\u00e9s et strat\u00e9gies et \u00e9lire les instances dirigeantes pour les quatre prochaines ann\u00e9es.<\/p>\n<p>Les travaux du <strong>congr\u00e8s<\/strong> ont \u00e9t\u00e9 marqu\u00e9s notamment par la pr\u00e9sentation du rapport g\u00e9n\u00e9ral qui reprend le bilan de la p\u00e9riode 2015\/2019, \u00e0 la lumi\u00e8re du contexte politique \u00e9conomique et social du Maroc en interaction avec l\u2019environnement international.<\/p>\n<div class=\"c17\">\n<fieldset class=\"c16\">\n<legend><strong><span class=\"c11\">Challenge<\/span><span class=\"c12\">news<\/span><\/strong><\/legend>\n<div class=\"c15\">Le meilleur de la r\u00e9daction s\u00e9lectionn\u00e9 par Challenge :<\/p>\n<\/div>\n<\/fieldset>\n<\/div>\n<p>Auteur: challenge<br \/>\n<a href=\"https:\/\/www.challenge.ma\/miloudi-moukharik-reconduit-a-la-tete-de-lumt-106262\/\">Cliquez ici pour lire l&rsquo;article depuis sa source.<\/a><\/p>\n","protected":false},"excerpt":{"rendered":"<p>Le secr\u00e9taire g\u00e9n\u00e9ral de l\u2019Union marocaine du travail, Miloudi Moukharik, a \u00e9t\u00e9 reconduit, dans la nuit de samedi \u00e0 dimanche, pour un nouveau mandat de quatre ans \u00e0 la t\u00eate de la centrale syndicale. Moukharik, \u00e2g\u00e9 de 69 ans, a \u00e9t\u00e9 r\u00e9\u00e9lu \u00e0 l\u2019unanimit\u00e9 par quelque 1.500 d\u00e9l\u00e9gu\u00e9s, qui participaient au 12\u00e8me congr\u00e8s national de [&hellip;]<\/p>\n","protected":false},"author":1787,"featured_media":0,"comment_status":"closed","ping_status":"closed","sticky":false,"template":"","format":"standard","meta":{"fifu_image_url":"","fifu_image_alt":"","footnotes":""},"categories":[78,54],"tags":[],"class_list":["post-22433","post","type-post","status-publish","format-standard","hentry","category-economie","category-maroc"],"_links":{"self":[{"href":"https:\/\/linitiative.ca\/International\/wp-json\/wp\/v2\/posts\/22433","targetHints":{"allow":["GET"]}}],"collection":[{"href":"https:\/\/linitiative.ca\/International\/wp-json\/wp\/v2\/posts"}],"about":[{"href":"https:\/\/linitiative.ca\/International\/wp-json\/wp\/v2\/types\/post"}],"author":[{"embeddable":true,"href":"https:\/\/linitiative.ca\/International\/wp-json\/wp\/v2\/users\/1787"}],"replies":[{"embeddable":true,"href":"https:\/\/linitiative.ca\/International\/wp-json\/wp\/v2\/comments?post=22433"}],"version-history":[{"count":0,"href":"https:\/\/linitiative.ca\/International\/wp-json\/wp\/v2\/posts\/22433\/revisions"}],"wp:attachment":[{"href":"https:\/\/linitiative.ca\/International\/wp-json\/wp\/v2\/media?parent=22433"}],"wp:term":[{"taxonomy":"category","embeddable":true,"href":"https:\/\/linitiative.ca\/International\/wp-json\/wp\/v2\/categories?post=22433"},{"taxonomy":"post_tag","embeddable":true,"href":"https:\/\/linitiative.ca\/International\/wp-json\/wp\/v2\/tags?post=22433"}],"curies":[{"name":"wp","href":"https:\/\/api.w.org\/{rel}","templated":true}]}}