{"id":22434,"date":"2019-03-17T07:12:42","date_gmt":"2019-03-17T11:12:42","guid":{"rendered":"https:\/\/linitiative.ca\/International\/le-ministere-de-la-sante-dement-le-limogeage-de-31-responsables\/"},"modified":"2019-03-17T07:12:42","modified_gmt":"2019-03-17T11:12:42","slug":"le-ministere-de-la-sante-dement-le-limogeage-de-31-responsables","status":"publish","type":"post","link":"https:\/\/linitiative.ca\/International\/le-ministere-de-la-sante-dement-le-limogeage-de-31-responsables\/","title":{"rendered":"Le minist\u00e8re de la Sant\u00e9 d\u00e9ment le limogeage de 31 responsables"},"content":{"rendered":"<p>Le minist\u00e8re de la <strong>sant\u00e9<\/strong> a d\u00e9menti samedi que 31 responsables de ses services centraux aient \u00e9t\u00e9 limog\u00e9s.<\/p>\n<div class=\"c10\"\/>\n<p>En r\u00e9action \u00e0 des informations rapport\u00e9es \u00e0 ce sujet par un journal, samedi, ce d\u00e9partement affirme dans un communiqu\u00e9 que le ministre de la sant\u00e9 a rendu public le 13 mars courant un appel \u00e0 candidatures pour pourvoir 31 postes vacants de chefs de services \u00e0 l\u2019administration centrale.<\/p>\n<p>La m\u00eame source pr\u00e9cise que les responsables qui \u00e9taient charg\u00e9s de ces services ont \u00e9t\u00e9 soit promus \u00e0 d\u2019autres postes de responsabilit\u00e9s en tant que chefs de division, soit mis \u00e0 la retraite. Par cons\u00e9quent, ajoute-t-on, les postes de responsabilit\u00e9 pr\u00e9cit\u00e9s sont devenus vacants et g\u00e9r\u00e9s par int\u00e9rim.<\/p>\n<div class=\"c17\">\n<fieldset class=\"c16\">\n<legend><strong><span class=\"c11\">Challenge<\/span><span class=\"c12\">news<\/span><\/strong><\/legend>\n<div class=\"c15\">Le meilleur de la r\u00e9daction s\u00e9lectionn\u00e9 par Challenge :<\/p>\n<\/div>\n<\/fieldset>\n<\/div>\n<p>Auteur: Hassan Manyani<br \/>\n<a href=\"https:\/\/www.challenge.ma\/le-ministere-de-la-sante-dement-le-limogeage-de-31-responsables-de-ses-services-centraux-106265\/\">Cliquez ici pour lire l&rsquo;article depuis sa source.<\/a><\/p>\n","protected":false},"excerpt":{"rendered":"<p>Le minist\u00e8re de la sant\u00e9 a d\u00e9menti samedi que 31 responsables de ses services centraux aient \u00e9t\u00e9 limog\u00e9s. En r\u00e9action \u00e0 des informations rapport\u00e9es \u00e0 ce sujet par un journal, samedi, ce d\u00e9partement affirme dans un communiqu\u00e9 que le ministre de la sant\u00e9 a rendu public le 13 mars courant un appel \u00e0 candidatures pour [&hellip;]<\/p>\n","protected":false},"author":1787,"featured_media":0,"comment_status":"closed","ping_status":"closed","sticky":false,"template":"","format":"standard","meta":{"fifu_image_url":"","fifu_image_alt":"","footnotes":""},"categories":[78,54],"tags":[],"class_list":["post-22434","post","type-post","status-publish","format-standard","hentry","category-economie","category-maroc"],"_links":{"self":[{"href":"https:\/\/linitiative.ca\/International\/wp-json\/wp\/v2\/posts\/22434","targetHints":{"allow":["GET"]}}],"collection":[{"href":"https:\/\/linitiative.ca\/International\/wp-json\/wp\/v2\/posts"}],"about":[{"href":"https:\/\/linitiative.ca\/International\/wp-json\/wp\/v2\/types\/post"}],"author":[{"embeddable":true,"href":"https:\/\/linitiative.ca\/International\/wp-json\/wp\/v2\/users\/1787"}],"replies":[{"embeddable":true,"href":"https:\/\/linitiative.ca\/International\/wp-json\/wp\/v2\/comments?post=22434"}],"version-history":[{"count":0,"href":"https:\/\/linitiative.ca\/International\/wp-json\/wp\/v2\/posts\/22434\/revisions"}],"wp:attachment":[{"href":"https:\/\/linitiative.ca\/International\/wp-json\/wp\/v2\/media?parent=22434"}],"wp:term":[{"taxonomy":"category","embeddable":true,"href":"https:\/\/linitiative.ca\/International\/wp-json\/wp\/v2\/categories?post=22434"},{"taxonomy":"post_tag","embeddable":true,"href":"https:\/\/linitiative.ca\/International\/wp-json\/wp\/v2\/tags?post=22434"}],"curies":[{"name":"wp","href":"https:\/\/api.w.org\/{rel}","templated":true}]}}