{"id":22442,"date":"2019-03-17T16:05:30","date_gmt":"2019-03-17T20:05:30","guid":{"rendered":"https:\/\/linitiative.ca\/International\/la-cite-sans-vertu\/"},"modified":"2019-03-17T16:05:30","modified_gmt":"2019-03-17T20:05:30","slug":"la-cite-sans-vertu","status":"publish","type":"post","link":"https:\/\/linitiative.ca\/International\/la-cite-sans-vertu\/","title":{"rendered":"LA CITE SANS VERTU"},"content":{"rendered":"<header>\n<\/header>\n<div class=\"entry-content clearfix\" readability=\"41\"><img decoding=\"async\" class=\"post_layout_5_img\" src=\"http:\/\/lepays.bf\/wp-content\/uploads\/2017\/07\/lepaysresponsive.png\" alt=\"LA CITE SANS VERTU\"\/><\/p>\n<p class=\"c4\"><em>Une fillette de 11 ans enlev\u00e9e en plein jour par des inconnus\u00a0! La sc\u00e8ne s\u2019est d\u00e9roul\u00e9e \u00e0 Tenkodogo, le 10 mars dernier. On croirait suivre l\u00e0 la s\u00e9quence d\u2019un film hollywoodien. Et pourtant, c\u2019est une triste r\u00e9alit\u00e9 puisque les ravisseurs, par une note \u00e9crite, ont r\u00e9clam\u00e9 la bagatelle de 2 millions de F CFA aux parents de l\u2019otage. Certes, cette derni\u00e8re a \u00e9t\u00e9 retrouv\u00e9e ligot\u00e9e dans une maison inachev\u00e9e, mais cet acte suscite tout de m\u00eame une interrogation\u00a0: le Burkina Faso est-il devenu un no man\u2019s land o\u00f9 se jouent d\u00e9sormais les contrebandes de tous genres\u00a0? La question reste pos\u00e9e.<\/em><\/p>\n<p><strong>Cic\u00e9ron<\/strong><\/p>\n<p><strong>A lundi prochain<\/strong><\/p>\n<\/div>\n<p>Auteur: Le Pays<br \/>\n<a href=\"http:\/\/lepays.bf\/la-cite-sans-vertu-11\/\">Cliquez ici pour lire l&rsquo;article depuis sa source.<\/a><\/p>\n","protected":false},"excerpt":{"rendered":"<p>Une fillette de 11 ans enlev\u00e9e en plein jour par des inconnus\u00a0! La sc\u00e8ne s\u2019est d\u00e9roul\u00e9e \u00e0 Tenkodogo, le 10 mars dernier. On croirait suivre l\u00e0 la s\u00e9quence d\u2019un film hollywoodien. Et pourtant, c\u2019est une triste r\u00e9alit\u00e9 puisque les ravisseurs, par une note \u00e9crite, ont r\u00e9clam\u00e9 la bagatelle de 2 millions de F CFA aux [&hellip;]<\/p>\n","protected":false},"author":1813,"featured_media":22443,"comment_status":"closed","ping_status":"closed","sticky":false,"template":"","format":"standard","meta":{"fifu_image_url":"","fifu_image_alt":"","footnotes":""},"categories":[73,81],"tags":[],"class_list":["post-22442","post","type-post","status-publish","format-standard","has-post-thumbnail","hentry","category-actualite","category-burkina-faso"],"_links":{"self":[{"href":"https:\/\/linitiative.ca\/International\/wp-json\/wp\/v2\/posts\/22442","targetHints":{"allow":["GET"]}}],"collection":[{"href":"https:\/\/linitiative.ca\/International\/wp-json\/wp\/v2\/posts"}],"about":[{"href":"https:\/\/linitiative.ca\/International\/wp-json\/wp\/v2\/types\/post"}],"author":[{"embeddable":true,"href":"https:\/\/linitiative.ca\/International\/wp-json\/wp\/v2\/users\/1813"}],"replies":[{"embeddable":true,"href":"https:\/\/linitiative.ca\/International\/wp-json\/wp\/v2\/comments?post=22442"}],"version-history":[{"count":0,"href":"https:\/\/linitiative.ca\/International\/wp-json\/wp\/v2\/posts\/22442\/revisions"}],"wp:featuredmedia":[{"embeddable":true,"href":"https:\/\/linitiative.ca\/International\/wp-json\/"}],"wp:attachment":[{"href":"https:\/\/linitiative.ca\/International\/wp-json\/wp\/v2\/media?parent=22442"}],"wp:term":[{"taxonomy":"category","embeddable":true,"href":"https:\/\/linitiative.ca\/International\/wp-json\/wp\/v2\/categories?post=22442"},{"taxonomy":"post_tag","embeddable":true,"href":"https:\/\/linitiative.ca\/International\/wp-json\/wp\/v2\/tags?post=22442"}],"curies":[{"name":"wp","href":"https:\/\/api.w.org\/{rel}","templated":true}]}}