{"id":22444,"date":"2019-03-17T16:20:54","date_gmt":"2019-03-17T20:20:54","guid":{"rendered":"https:\/\/linitiative.ca\/International\/confederation-africaine-de-football-deux-ans-apres-le-president-ahmad-face-a-de-nouveaux-defiss\/"},"modified":"2019-03-17T16:20:54","modified_gmt":"2019-03-17T20:20:54","slug":"confederation-africaine-de-football-deux-ans-apres-le-president-ahmad-face-a-de-nouveaux-defiss","status":"publish","type":"post","link":"https:\/\/linitiative.ca\/International\/confederation-africaine-de-football-deux-ans-apres-le-president-ahmad-face-a-de-nouveaux-defiss\/","title":{"rendered":"CONFEDERATION AFRICAINE DE FOOTBALL :  Deux ans apr\u00e8s, le pr\u00e9sident Ahmad face \u00e0 de nouveaux d\u00e9fiss"},"content":{"rendered":"<p><img decoding=\"async\" class=\"post_layout_5_img\" src=\"http:\/\/lepays.bf\/wp-content\/uploads\/2019\/03\/caf.jpg\" alt=\"CONFEDERATION AFRICAINE DE FOOTBALL : Deux ans apr\u00e8s, le pr\u00e9sident Ahmad face \u00e0 de nouveaux d\u00e9fiss\"\/><\/p>\n<p class=\"c4\"><em>Le jeudi 16 mars 2017 \u00e0 Addis-Abeba, le football africain a \u00e9t\u00e9 victime d\u2019un s\u00e9isme qu\u2019aucun observateur averti n\u2019a vu venir. En effet, candidat \u00e0 sa propre succession pour un huiti\u00e8me mandat, le Camerounais Issa Hayatou, pr\u00e9sident de la CAF (Conf\u00e9d\u00e9ration africaine de football), est battu par le Malgache Ahmad Ahmad avec respectivement 20 voix contre 34. Ainsi, c\u2019est un changement brutal qui intervient \u00e0 la t\u00eate du football continental et bien avant d\u2019\u00eatre \u00e9lu, Ahmad, qui comm\u00e9morait le 16 mars 2019 sa deuxi\u00e8me ann\u00e9e \u00e0 la pr\u00e9sidence, promettait une transparence dans la gestion de la CAF et des pratiques obsol\u00e8tes que lui et ses partisans ont de tout temps d\u00e9nonc\u00e9es. A peine aux commandes, le malgache met \u00e0 ex\u00e9cution son programme et initie quatre mois apr\u00e8s, en juillet 2017, un symposium pour repenser le football africain. C\u2019est de cette rencontre que la CAN passe d\u00e9sormais de 16 \u00e0 24 \u00e9quipes, avec une d\u00e9cision \u00e0 effet imm\u00e9diat d\u00e8s l\u2019\u00e9dition 2019 pr\u00e9vue auparavant au Cameroun. Cette nouvelle donne impose un nouveau cahier de charges et la CAF constate que le Cameroun, moins d\u2019une ann\u00e9e avant l\u2019\u00e9v\u00e8nement, n\u2019est pas pr\u00eat pour accueillir la comp\u00e9tition. D\u00e8s lors, l\u2019ordre d\u2019attribution est boulevers\u00e9 puisque l\u2019Egypte est choisie pour recevoir la CAN 2019 pendant que le Cameroun, la C\u00f4te d\u2019Ivoire et la Guin\u00e9e basculent respectivement pour les \u00e9ditions 2021, 2023 et 2025. Cela fait des gorges chaudes et la pilule est plus qu\u2019am\u00e8re \u00e0 avaler dans ces diff\u00e9rents pays mais, le pr\u00e9sident Ahmad, qui veut d\u2019une nouvelle vision du football africain, a men\u00e9 une op\u00e9ration diplomatique pour convaincre les chefs d\u2019Etat de ces pays sur le bien-fond\u00e9 des d\u00e9cisions prises. De nombreuses critiques fusent de partout sur la gouvernance du pr\u00e9sident Ahmad. S\u2019il n\u2019est pas qualifi\u00e9 d\u2019autoritarisme sur certaines d\u00e9cisions, on lui reproche parfois de faire preuve de laxisme. Et on a l\u2019impression que le navire battant pavillon de la CAF semble tanguer.<\/em> <em>Mais bon an mal an, le Malgache tient le gouvernail quand on sait qu\u2019il n\u2019est pas toujours \u00e9vident de succ\u00e9der \u00e0 un syst\u00e8me qui aura r\u00e9gn\u00e9 29 ann\u00e9es durant sur le football continental. Doit-on affirmer que l\u2019homme, qui avait fait la promesse de mettre en place une gestion moderne, dynamique et surtout transparente, est sur la bonne voie\u00a0? Ce qui est par contre \u00e9vident, c\u2019est que le pr\u00e9sident Ahmad avait, comme une de ses priorit\u00e9s, de faire en sorte que le personnel permanent qui travaille au si\u00e8ge de la CAF, r\u00e9ponde \u00e0 un nouveau syst\u00e8me de quota \u00e0 savoir que la moiti\u00e9 de ce staff provienne des 53 pays du continent. Pour lui, il s\u2019agit d\u2019apporter un plus grand \u00e9quilibre entre les associations africaines. Et cela est en train de s\u2019appliquer, mais est une d\u00e9cision qui semble faire des gorges chaudes au sein de cette maison o\u00f9 ils ne sont pas nombreux \u00e0 voir d\u2019un bon \u0153il, cette nouvelle donne. Des pratiques, voire des m\u00e9thodes semblent bien avoir chang\u00e9 avec une nouvelle dynamique qui s\u2019installe dans la gouvernance de la CAF au profit de bon nombre de comp\u00e9tences. Dans un tel cas de figure, il faut faire souvent avec les peaux de banane avec des informations qui vont dans tous les sens et qui mettent parfois en lumi\u00e8re, une communication qui donne l\u2019image d\u2019un navire en train de chavirer. Ces derniers temps, on apprend de plus en plus que les Anglophones veulent tirer la couverture sur eux, estimant que leur heure a sonn\u00e9 pour pr\u00e9tendre aux destin\u00e9es du football africain. Faut-il d\u00e9sormais voir la famille du football africain mettre en exergue une guerre linguistique alors que le football est un langage universel\u00a0? C\u2019est au pr\u00e9sident Ahmad, en homme politique pour les deux ann\u00e9es restantes de son mandat, de d\u00e9sinfecter la maison d\u2019o\u00f9 partent souvent des informations contradictoires et de savoir jouer davantage au rassembleur de tous les fils du football africain autour de l\u2019essentiel, pour plus de stabilit\u00e9 et de qui\u00e9tude.<\/em><\/p>\n<p><strong>Antoine BATTIONO<\/strong><\/p>\n<p>Auteur: Le Pays<br \/>\n<a href=\"http:\/\/lepays.bf\/confederation-africaine-de-football-deux-ans-apres-le-president-ahmad-face-a-de-nouveaux-defiss\/\">Cliquez ici pour lire l&rsquo;article depuis sa source.<\/a><\/p>\n","protected":false},"excerpt":{"rendered":"<p>Le jeudi 16 mars 2017 \u00e0 Addis-Abeba, le football africain a \u00e9t\u00e9 victime d\u2019un s\u00e9isme qu\u2019aucun observateur averti n\u2019a vu venir. En effet, candidat \u00e0 sa propre succession pour un huiti\u00e8me mandat, le Camerounais Issa Hayatou, pr\u00e9sident de la CAF (Conf\u00e9d\u00e9ration africaine de football), est battu par le Malgache Ahmad Ahmad avec respectivement 20 voix [&hellip;]<\/p>\n","protected":false},"author":1813,"featured_media":22445,"comment_status":"closed","ping_status":"closed","sticky":false,"template":"","format":"standard","meta":{"fifu_image_url":"","fifu_image_alt":"","footnotes":""},"categories":[73,81],"tags":[],"class_list":["post-22444","post","type-post","status-publish","format-standard","has-post-thumbnail","hentry","category-actualite","category-burkina-faso"],"_links":{"self":[{"href":"https:\/\/linitiative.ca\/International\/wp-json\/wp\/v2\/posts\/22444","targetHints":{"allow":["GET"]}}],"collection":[{"href":"https:\/\/linitiative.ca\/International\/wp-json\/wp\/v2\/posts"}],"about":[{"href":"https:\/\/linitiative.ca\/International\/wp-json\/wp\/v2\/types\/post"}],"author":[{"embeddable":true,"href":"https:\/\/linitiative.ca\/International\/wp-json\/wp\/v2\/users\/1813"}],"replies":[{"embeddable":true,"href":"https:\/\/linitiative.ca\/International\/wp-json\/wp\/v2\/comments?post=22444"}],"version-history":[{"count":0,"href":"https:\/\/linitiative.ca\/International\/wp-json\/wp\/v2\/posts\/22444\/revisions"}],"wp:featuredmedia":[{"embeddable":true,"href":"https:\/\/linitiative.ca\/International\/wp-json\/"}],"wp:attachment":[{"href":"https:\/\/linitiative.ca\/International\/wp-json\/wp\/v2\/media?parent=22444"}],"wp:term":[{"taxonomy":"category","embeddable":true,"href":"https:\/\/linitiative.ca\/International\/wp-json\/wp\/v2\/categories?post=22444"},{"taxonomy":"post_tag","embeddable":true,"href":"https:\/\/linitiative.ca\/International\/wp-json\/wp\/v2\/tags?post=22444"}],"curies":[{"name":"wp","href":"https:\/\/api.w.org\/{rel}","templated":true}]}}