{"id":22462,"date":"2019-03-17T15:50:03","date_gmt":"2019-03-17T19:50:03","guid":{"rendered":"https:\/\/linitiative.ca\/International\/donald-trump-denonce-pour-son-silence-sur-la-menace-des-suprematistes-blancs\/"},"modified":"2019-03-17T15:50:03","modified_gmt":"2019-03-17T19:50:03","slug":"donald-trump-denonce-pour-son-silence-sur-la-menace-des-suprematistes-blancs","status":"publish","type":"post","link":"https:\/\/linitiative.ca\/International\/donald-trump-denonce-pour-son-silence-sur-la-menace-des-suprematistes-blancs\/","title":{"rendered":"Donald Trump d\u00e9nonc\u00e9 pour son \u00ab\u00a0silence\u00a0\u00bb sur la menace des supr\u00e9matistes blancs"},"content":{"rendered":"<div readability=\"32\">\n<p>Publi\u00e9 le 17.03.2019 \u00e0 20h50 par AFP<\/p>\n<\/div>\n<div readability=\"150\">\n<p>Une \u00e9lue am\u00e9ricaine musulmane a d\u00e9nonc\u00e9 dimanche le \u00ab\u00a0silence\u00a0\u00bb de Donald Trump sur le danger des supr\u00e9matistes blancs aux Etats-Unis, en plein d\u00e9bat politique houleux sur la religion et l\u2019intol\u00e9rance apr\u00e8s les attentats meurtriers contre deux mosqu\u00e9es en Nouvelle-Z\u00e9lande.<\/p>\n<p>Le chef de cabinet de la Maison Blanche Mick Mulvaney a fermement d\u00e9menti dimanche tout lien \u00ab\u00a0de cause \u00e0 effet\u00a0\u00bb entre la rh\u00e9torique anti-immigration du pr\u00e9sident am\u00e9ricain et les motivations racistes du tireur de Christchurch, qui a tu\u00e9 au moins 50 fid\u00e8les musulmans.<\/p>\n<p>\u00ab\u00a0Le pr\u00e9sident n\u2019est pas un supr\u00e9matiste blanc\u00a0\u00bb, a lanc\u00e9 M. Mulvaney sur Fox News.<\/p>\n<p>\u00ab\u00a0Prenons ce qui est arriv\u00e9 en Nouvelle-Z\u00e9lande pour ce que c\u2019est \u2013un mal terrible, un acte tragique\u2013 et cherchons pourquoi ces choses deviennent courantes dans le monde. Est-ce que c\u2019est Donald Trump? Absolument pas\u00a0\u00bb, a-t-il dit.<\/p>\n<p>\u2013 Vague de solidarit\u00e9 \u2013<\/p>\n<p>La d\u00e9mocrate Rashida Tlaib, l\u2019une des deux \u00e9lues musulmanes au Congr\u00e8s, avait auparavant affirm\u00e9 que l\u2019absence de condamnation forte des groupuscules racistes par le pr\u00e9sident affaiblissait les Etats-Unis.<\/p>\n<p>Donald Trump \u00ab\u00a0est aujourd\u2019hui l\u2019homme le plus puissant du monde\u00a0\u00bb et \u00ab\u00a0il est capable d\u2019envoyer un signal fort et clair\u00a0\u00bb, a-t-elle dit sur CNN.<\/p>\n<p>\u00ab\u00a0Nous l\u2019avons fait pour le terrorisme \u00e0 l\u2019\u00e9tranger\u00a0\u00bb, a-t-elle ajout\u00e9. \u00ab\u00a0Nous devons le faire pour le terrorisme chez nous, contre (l\u2019id\u00e9ologie de) la supr\u00e9matie blanche qui gagne quotidiennement du terrain alors que nous restons silencieux\u00a0\u00bb.<\/p>\n<p>M. Trump a condamn\u00e9 vendredi \u00ab\u00a0les \u00e9v\u00e9nements horribles\u00a0\u00bb de Christchurch, tout en estimant que l\u2019id\u00e9ologie de la supr\u00e9matie blanche dans le monde n\u2019\u00e9tait pas une menace \u00ab\u00a0r\u00e9pandue\u00a0\u00bb. \u00ab\u00a0Je pense qu\u2019il s\u2019agit d\u2019un petit groupe de personnes qui ont de gros, gros probl\u00e8mes\u00a0\u00bb, a-t-il dit.<\/p>\n<p>L\u2019auteur des attentats, un extr\u00e9miste de droite australien de 28 ans, a revendiqu\u00e9 son acte sur les r\u00e9seaux sociaux dans un long texte truff\u00e9 de r\u00e9f\u00e9rences racistes et de th\u00e9ories du complot.<\/p>\n<p>Il fait une r\u00e9f\u00e9rence \u00e0 Donald Trump, qualifi\u00e9 de \u00ab\u00a0symbole de l\u2019identit\u00e9 blanche renouvel\u00e9e et d\u2019un but commun\u00a0\u00bb.<\/p>\n<p>Le carnage a provoqu\u00e9 une vague de solidarit\u00e9 des communaut\u00e9s juive et chr\u00e9tienne envers les musulmans aux Etats-Unis, avec de nombreux rassemblements oecum\u00e9niques.<\/p>\n<p><ins data-revive-zoneid=\"9\" data-revive-id=\"10111e19d28d19d031742ee3b0b33eb0\"\/> <\/p>\n<p>Il a toutefois alourdi une atmosph\u00e8re d\u00e9j\u00e0 tendue par les propos controvers\u00e9s sur les relations entre les juifs et les Etats-Unis tenus par l\u2019autre \u00e9lue musulmane am\u00e9ricaine, Ilhan Omar, que beaucoup ont qualifi\u00e9s d\u2019antis\u00e9mites.<\/p>\n<p>Le d\u00e9bat sur l\u2019intol\u00e9rance religieuse a rapidement rattrap\u00e9 M. Trump apr\u00e8s la trag\u00e9die n\u00e9o-z\u00e9landaise.<\/p>\n<p>\u00ab\u00a0De fa\u00e7on r\u00e9p\u00e9t\u00e9e, ce pr\u00e9sident soutient et encourage les supr\u00e9matistes blancs \u2013et au lieu de condamner les terroristes racistes, il les couvre. Ce n\u2019est ni normal, ni acceptable\u00a0\u00bb, a assur\u00e9 dimanche sur Twitter la s\u00e9natrice d\u00e9mocrate Kirsten Gillibrand, candidate \u00e0 la pr\u00e9sidence en 2020.<\/p>\n<p>\u2013 \u00ab\u00a0Silence complice\u00a0\u00bb \u2013<\/p>\n<p>Le pr\u00e9sident avait notamment provoqu\u00e9 un toll\u00e9 en d\u00e9clarant qu\u2019il y avait des gens biens \u00ab\u00a0des deux c\u00f4t\u00e9s\u00a0\u00bb apr\u00e8s des affrontements entre manifestants antiracistes et n\u00e9onazis \u00e0 Charlottesville, en ao\u00fbt 2017, qui avaient fait un mort.<\/p>\n<p>L\u2019ancien vice-pr\u00e9sident d\u00e9mocrate Joe Biden, qui maintient le suspense sur une \u00e9ventuelle candidature pour 2020, a d\u00e9nonc\u00e9 samedi ces propos de l\u2019\u00e9poque.<\/p>\n<p>\u00ab\u00a0Nos enfants \u00e9coutaient. Notre silence est complice. Avec ces mots, le pr\u00e9sident des Etats-Unis a cr\u00e9\u00e9 une \u00e9quivalence morale entre ceux qui r\u00e9pandent la haine et ceux qui ont le courage de la combattre\u00a0\u00bb, a-t-il affirm\u00e9. \u00ab\u00a0A ce moment-l\u00e0, j\u2019ai su que la menace qui p\u00e8se sur cette nation \u00e9tait diff\u00e9rente de celles que j\u2019avais v\u00e9cu jusqu\u2019alors\u00a0\u00bb.<\/p>\n<p>Dimanche, Donald Trump n\u2019a pas \u00e9voqu\u00e9 le nationalisme blanc sur Twitter, pr\u00e9f\u00e9rant adresser son soutien \u00e0 la commentatrice conservatrice Jeanine Pirro, disparue des \u00e9crans de Fox News apr\u00e8s des remarques d\u00e9nonc\u00e9es comme islamophobes.<\/p>\n<p>Ancien juge f\u00e9d\u00e9rale d\u00e9sormais aux commandes d\u2019une \u00e9mission diffus\u00e9e le samedi soir, Mme Pirro avait sembl\u00e9 remettre en question la semaine derni\u00e8re la loyaut\u00e9 envers la Constitution am\u00e9ricaine d\u2019Ilhan Omar, parce qu\u2019elle porte le voile islamique.<\/p>\n<p>\u00ab\u00a0Les d\u00e9mocrates de la gauche radicale, travaillant en \u00e9troite relation avec leur partenaire ador\u00e9, les m\u00e9dias Fake News, utilisent tous les tours du manuel pour FAIRE TAIRE la majorit\u00e9 dans notre pays\u00a0\u00bb, a affirm\u00e9 le pr\u00e9sident.<\/p>\n<\/div>\n<p>Auteur: AFP<br \/>\n<a href=\"https:\/\/www.journalducameroun.com\/fr\/donald-trump-denonce-pour-son-silence-sur-la-menace-des-suprematistes-blancs\/\">Cliquez ici pour lire l&rsquo;article depuis sa source.<\/a><\/p>\n","protected":false},"excerpt":{"rendered":"<p>Publi\u00e9 le 17.03.2019 \u00e0 20h50 par AFP Une \u00e9lue am\u00e9ricaine musulmane a d\u00e9nonc\u00e9 dimanche le \u00ab\u00a0silence\u00a0\u00bb de Donald Trump sur le danger des supr\u00e9matistes blancs aux Etats-Unis, en plein d\u00e9bat politique houleux sur la religion et l\u2019intol\u00e9rance apr\u00e8s les attentats meurtriers contre deux mosqu\u00e9es en Nouvelle-Z\u00e9lande. Le chef de cabinet de la Maison Blanche Mick [&hellip;]<\/p>\n","protected":false},"author":1965,"featured_media":0,"comment_status":"closed","ping_status":"closed","sticky":false,"template":"","format":"standard","meta":{"fifu_image_url":"","fifu_image_alt":"","footnotes":""},"categories":[73,82],"tags":[],"class_list":["post-22462","post","type-post","status-publish","format-standard","hentry","category-actualite","category-cameroun"],"_links":{"self":[{"href":"https:\/\/linitiative.ca\/International\/wp-json\/wp\/v2\/posts\/22462","targetHints":{"allow":["GET"]}}],"collection":[{"href":"https:\/\/linitiative.ca\/International\/wp-json\/wp\/v2\/posts"}],"about":[{"href":"https:\/\/linitiative.ca\/International\/wp-json\/wp\/v2\/types\/post"}],"author":[{"embeddable":true,"href":"https:\/\/linitiative.ca\/International\/wp-json\/wp\/v2\/users\/1965"}],"replies":[{"embeddable":true,"href":"https:\/\/linitiative.ca\/International\/wp-json\/wp\/v2\/comments?post=22462"}],"version-history":[{"count":0,"href":"https:\/\/linitiative.ca\/International\/wp-json\/wp\/v2\/posts\/22462\/revisions"}],"wp:attachment":[{"href":"https:\/\/linitiative.ca\/International\/wp-json\/wp\/v2\/media?parent=22462"}],"wp:term":[{"taxonomy":"category","embeddable":true,"href":"https:\/\/linitiative.ca\/International\/wp-json\/wp\/v2\/categories?post=22462"},{"taxonomy":"post_tag","embeddable":true,"href":"https:\/\/linitiative.ca\/International\/wp-json\/wp\/v2\/tags?post=22462"}],"curies":[{"name":"wp","href":"https:\/\/api.w.org\/{rel}","templated":true}]}}