{"id":22464,"date":"2019-03-17T16:50:01","date_gmt":"2019-03-17T20:50:01","guid":{"rendered":"https:\/\/linitiative.ca\/International\/legislatives-en-israel-la-candidature-dun-leader-dextreme-droite-invalidee\/"},"modified":"2019-03-17T16:50:01","modified_gmt":"2019-03-17T20:50:01","slug":"legislatives-en-israel-la-candidature-dun-leader-dextreme-droite-invalidee","status":"publish","type":"post","link":"https:\/\/linitiative.ca\/International\/legislatives-en-israel-la-candidature-dun-leader-dextreme-droite-invalidee\/","title":{"rendered":"L\u00e9gislatives en Isra\u00ebl: la candidature d\u2019un leader d\u2019extr\u00eame droite invalid\u00e9e"},"content":{"rendered":"<div readability=\"32\">\n<p>Publi\u00e9 le 17.03.2019 \u00e0 21h50 par AFP<\/p>\n<\/div>\n<div readability=\"123\">\n<p>La Cour supr\u00eame a annonc\u00e9 dimanche avoir invalid\u00e9 la candidature aux l\u00e9gislatives de Michael Ben-Ari, chef de file du parti d\u2019extr\u00eame droite Force juive, accus\u00e9 par le procureur g\u00e9n\u00e9ral d\u2019Isra\u00ebl \u00ab\u00a0d\u2019incitation au racisme\u00a0\u00bb anti-Arabe.<\/p>\n<p>La candidature controvers\u00e9e de cet homme politique aux \u00e9lections du 9 avril avait \u00e9t\u00e9 approuv\u00e9e le 6 mars par la commission \u00e9lectorale, mais le parti de gauche Meretz (opposition) avait saisi la Cour supr\u00eame pour la faire invalider.<\/p>\n<p>La commission \u00e9lectorale \u00e9tait pass\u00e9e outre \u00e0 l\u2019avis du procureur g\u00e9n\u00e9ral qui avait plaid\u00e9 la disqualification du leader d\u2019extr\u00eame droite. \u00ab\u00a0Ben-Ari incite \u00e0 la haine contre la population arabe sur des fondements ethniques et nationalistes\u00a0\u00bb, avait notamment mis en garde le procureur g\u00e9n\u00e9ral Avicha\u00ef Mandelblit.<\/p>\n<p>Les Arabes isra\u00e9liens repr\u00e9sentent 17,5% de la population d\u2019Isra\u00ebl.<\/p>\n<p>M. Ben-Ari et Itamar Ben Gvir, un autre militant de Force juive, se pr\u00e9sentent sur la liste de deux partis nationalistes religieux.<\/p>\n<p>C\u2019est le Premier ministre Benjamin Netanyahu qui avait pouss\u00e9 ces deux partis \u00e0 les accepter sur leur liste, afin de consolider le bloc de droite et de pouvoir former une coalition de gouvernement apr\u00e8s les \u00e9lections.<\/p>\n<p>M. Ben Gvir contre lequel un recours \u00e0 la Cour supr\u00eame avait \u00e9galement \u00e9t\u00e9 d\u00e9pos\u00e9 pour invalider sa candidature, pourra lui se pr\u00e9senter, ont d\u00e9cid\u00e9 les magistrats.<\/p>\n<p>Les responsables de Force juive sont des disciples du rabbin am\u00e9ricano-isra\u00e9lien Me\u00efr Kahane, avocat jusqu\u2019au-boutiste des causes juives et fondateur du parti anti-Arabe Kach, entr\u00e9 au Parlement apr\u00e8s les \u00e9lections de 1984 mais interdit de participer aux \u00e9lections de 1988 car consid\u00e9r\u00e9 comme raciste.<\/p>\n<p>C\u2019est la premi\u00e8re fois dans l\u2019histoire parlementaire isra\u00e9lienne qu\u2019un candidat ayant obtenu le feu vert de la commission \u00e9lectorale se voit finalement interdit de se pr\u00e9senter, selon le parti Force juive.<\/p>\n<p>\u2013 \u00ab\u00a0Pas au Parlement\u00a0\u00bb \u2013<\/p>\n<p><ins data-revive-zoneid=\"9\" data-revive-id=\"10111e19d28d19d031742ee3b0b33eb0\"\/> <\/p>\n<p>\u00ab\u00a0Une junte judiciaire tente d\u2019imposer ses lois\u2026ce n\u2019est pas la d\u00e9mocratie\u00a0\u00bb, a d\u00e9nonc\u00e9 M. Ben-Ari dans une conf\u00e9rence de presse.<\/p>\n<p>Le parti Force juive a exig\u00e9 de ses partenaires de la liste d\u2019Union de la droite la promesse d\u2019un portefeuille minist\u00e9riel et d\u2019une place dans la commission de nomination des juges, compos\u00e9e de repr\u00e9sentants des partis politiques, selon un communiqu\u00e9 de la formation d\u2019extr\u00eame droite.<\/p>\n<p>De son c\u00f4t\u00e9, Tamar Zandberg, \u00e0 la t\u00eate du parti de gauche Meretz, a affirm\u00e9 dans un communiqu\u00e9 que \u00ab\u00a0la place des gens qui croient \u00e0 la sup\u00e9riorit\u00e9 de la race est derri\u00e8re les barreaux et pas au Parlement\u00a0\u00bb.<\/p>\n<p>La Cour supr\u00eame s\u2019est \u00e9galement prononc\u00e9e dimanche sur trois autres recours d\u2019invalidation.<\/p>\n<p>Les deux listes arabes Hadash-Taal et Raam-Balad sont autoris\u00e9es \u00e0 se pr\u00e9senter. La derni\u00e8re, Raam-Balad, avait \u00e9t\u00e9 invalid\u00e9e le 6 mars par la commission \u00e9lectorale pour \u00ab\u00a0soutien au terrorisme\u00a0\u00bb.<\/p>\n<p>La ministre de la Justice Ayelet Shaked, figure de la droite nationaliste et ardente d\u00e9fenseure de la colonisation des territoires palestiniens, s\u2019est emport\u00e9e contre la d\u00e9cision de la Cour jugeant \u00ab\u00a0qu\u2019invalider Ben-Ari et valider les partis qui soutiennent le terrorisme est une intervention flagrante contre le coeur de la d\u00e9mocratie isra\u00e9lienne\u00a0\u00bb.<\/p>\n<p>La liste Raam-Balad a publi\u00e9 un communiqu\u00e9 estimant que la d\u00e9cision de la commission \u00e9lectorale de la disqualifier \u00e9tait \u00ab\u00a0d\u00e9pourvue de toute base factuelle\u00a0\u00bb. \u00ab\u00a0Cette d\u00e9cision rejet\u00e9e par la Cour supr\u00eame, \u00e9tait fond\u00e9e sur la peur du public face \u00e0 la plate-forme id\u00e9ologique du parti\u00a0\u00bb, a ajout\u00e9 Raam-Balad.<\/p>\n<p>Enfin, Ofer Kassif, candidat juif sur la liste du parti jud\u00e9o-arabe d\u2019extr\u00eame gauche Hadash a lui aussi \u00e9t\u00e9 autoris\u00e9 \u00e0 se pr\u00e9senter par la Cour supr\u00eame.<\/p>\n<\/div>\n<p>Auteur: AFP<br \/>\n<a href=\"https:\/\/www.journalducameroun.com\/fr\/legislatives-en-israel-la-candidature-dun-leader-dextreme-droite-invalidee\/\">Cliquez ici pour lire l&rsquo;article depuis sa source.<\/a><\/p>\n","protected":false},"excerpt":{"rendered":"<p>Publi\u00e9 le 17.03.2019 \u00e0 21h50 par AFP La Cour supr\u00eame a annonc\u00e9 dimanche avoir invalid\u00e9 la candidature aux l\u00e9gislatives de Michael Ben-Ari, chef de file du parti d\u2019extr\u00eame droite Force juive, accus\u00e9 par le procureur g\u00e9n\u00e9ral d\u2019Isra\u00ebl \u00ab\u00a0d\u2019incitation au racisme\u00a0\u00bb anti-Arabe. La candidature controvers\u00e9e de cet homme politique aux \u00e9lections du 9 avril avait \u00e9t\u00e9 [&hellip;]<\/p>\n","protected":false},"author":1965,"featured_media":0,"comment_status":"closed","ping_status":"closed","sticky":false,"template":"","format":"standard","meta":{"fifu_image_url":"","fifu_image_alt":"","footnotes":""},"categories":[73,82],"tags":[],"class_list":["post-22464","post","type-post","status-publish","format-standard","hentry","category-actualite","category-cameroun"],"_links":{"self":[{"href":"https:\/\/linitiative.ca\/International\/wp-json\/wp\/v2\/posts\/22464","targetHints":{"allow":["GET"]}}],"collection":[{"href":"https:\/\/linitiative.ca\/International\/wp-json\/wp\/v2\/posts"}],"about":[{"href":"https:\/\/linitiative.ca\/International\/wp-json\/wp\/v2\/types\/post"}],"author":[{"embeddable":true,"href":"https:\/\/linitiative.ca\/International\/wp-json\/wp\/v2\/users\/1965"}],"replies":[{"embeddable":true,"href":"https:\/\/linitiative.ca\/International\/wp-json\/wp\/v2\/comments?post=22464"}],"version-history":[{"count":0,"href":"https:\/\/linitiative.ca\/International\/wp-json\/wp\/v2\/posts\/22464\/revisions"}],"wp:attachment":[{"href":"https:\/\/linitiative.ca\/International\/wp-json\/wp\/v2\/media?parent=22464"}],"wp:term":[{"taxonomy":"category","embeddable":true,"href":"https:\/\/linitiative.ca\/International\/wp-json\/wp\/v2\/categories?post=22464"},{"taxonomy":"post_tag","embeddable":true,"href":"https:\/\/linitiative.ca\/International\/wp-json\/wp\/v2\/tags?post=22464"}],"curies":[{"name":"wp","href":"https:\/\/api.w.org\/{rel}","templated":true}]}}