{"id":22485,"date":"2019-03-17T09:49:41","date_gmt":"2019-03-17T13:49:41","guid":{"rendered":"https:\/\/linitiative.ca\/International\/douane-camerounaise-le-scandale-de-trop\/"},"modified":"2019-03-17T09:49:41","modified_gmt":"2019-03-17T13:49:41","slug":"douane-camerounaise-le-scandale-de-trop","status":"publish","type":"post","link":"https:\/\/linitiative.ca\/International\/douane-camerounaise-le-scandale-de-trop\/","title":{"rendered":"Douane camerounaise: le scandale de trop"},"content":{"rendered":"<p>La Douane camerounaise est une fois de plus mise au-devant de la sc\u00e8ne, et pas toujours dans le bon sens. Il y a quelques semaines encore,\u00a0 cinq agents de la direction g\u00e9n\u00e9rale des Douanes \u00e9taient suspendus de leurs fonctions pendant une p\u00e9riode de trois mois \u00e0 compter du 12 f\u00e9vrier 2019, date de la signature d\u2019une d\u00e9cision \u00e0 cet effet du ministre des Finances, <strong>Louis Paul Motaze<\/strong>. Ce, pour manquement grave \u00e0 l\u2019\u00e9thique et \u00e0 la d\u00e9ontologie professionnelles. Cette fois-ci, ce sont les recettes de douanes et les postes assignataires au titre des exercices budg\u00e9taires <strong>2015, 2016, 2017 et 2018<\/strong>, qui seront audit\u00e9s. L\u2019on y\u00a0 soup\u00e7onne la mise en place d\u2019un syst\u00e8me de fraude consistant \u00e0 d\u00e9tourner les droits de douanes \u00e0 travers la mise en circulation des quittances parall\u00e8les avec la complicit\u00e9 des services du tr\u00e9sor.<\/p>\n<p>En effet, c\u2019est suite \u00e0 une lettre de d\u00e9nonciation que Louis Paul Motaze a d\u00e9cid\u00e9 de lancer un audit sur les recettes des douanes des quatre derni\u00e8res ann\u00e9es. C\u2019est ainsi qu\u2019il\u00a0 a sign\u00e9 une lettre de mission, le 11 mars dernier, d\u00e9signant les responsables du minist\u00e8re des Finances pour effectuer une mission d\u2019investigation sur toute l\u2019\u00e9tendue du territoire national dans les recettes de douanes et les postes assignataires\u00a0 au titre des exercices budg\u00e9taires 2015, 2016, 2017 et 2018. Cette mission qui a\u00a0 une dur\u00e9e de 75 jours a pour but de faire toute la lumi\u00e8re autour de cette affaire. Il faut rappeler la p\u00e9riode qui fait l\u2019objet de cette enqu\u00eate du Minfi co\u00efncide avec l\u2019arriv\u00e9e de <strong>Edwin Fongod Nuvaga<\/strong>, l\u2019actuel directeur g\u00e9n\u00e9ral des Douanes. Ce dernier a \u00e9t\u00e9 nomm\u00e9 en d\u00e9cembre 2015, en remplacement <strong>de Minette Libom Li Likeng<\/strong>, nomm\u00e9e ministre des Postes et T\u00e9l\u00e9communications.<\/p>\n<p>Egalement, les recettes douani\u00e8res au cours de cette p\u00e9riode \u00e9taient de loin inf\u00e9rieures \u00e0 celles enregistr\u00e9es \u00e0 l\u2019\u00e9poque o\u00f9 <strong>Minette Libom Li Likeng<\/strong>, \u00e9tait DG de cette administration. En 2017 par exemple, les recettes douani\u00e8res s\u2019\u00e9taient \u00e9tabli \u00e0 seulement <strong>732,7 milliards FCFA<\/strong> contre <strong>683,7 milliards<\/strong>\u00a0 FCFA en 2016, soit une hausse de <strong>49 milliards (+7,2%<\/strong>). Par rapport aux <strong>800 milliards<\/strong> FCFA pr\u00e9vus pour cet exercice, ces recettes douani\u00e8res \u00e9taient en retrait de <strong>67,4 milliards<\/strong> FCFA. Soit un taux de r\u00e9alisation de <strong>91,6%.<\/strong> Au minist\u00e8re des Finances, on expliquait alors cette sous-performance par la baisse des importations et, dans une moindre mesure, par les effets induits de l\u2019Accord de Partenariat Economique (APE).<\/p>\n<p>En rappel, la Douane camerounaise \u00e9tait d\u00e9j\u00e0 \u00e9pingl\u00e9e par la Commission Nationale Anti-corruption (<strong>Conac)<\/strong>, dans son rapport 2017 sur l\u2019\u00e9tat de la lutte contre la corruption au Cameroun. Selon l\u2019indice de perception de la corruption qui classait les administrations publiques les plus corrompues au Cameroun, la Douane arrivait \u00e0 la <strong>34\u00e8me<\/strong> place sur <strong>43 administrations<\/strong> publiques class\u00e9es. Alors que les services centraux du Minfi \u00e9taient class\u00e9s 2\u00e8me avec une moyenne de <strong>07,2\/10<\/strong>, derri\u00e8re le minist\u00e8re des March\u00e9s publics, qui \u00e9tait alors leader de ce classement.<\/p>\n<div class=\"about-author about-author-box container-wrapper\">\n<div class=\"author-avatar\">\n<p><img decoding=\"async\" src=\"http:\/\/\" alt=\"\"\/><\/p>\n<\/div>\n<p><h4>La R\u00e9daction EcoMatin<\/h4>\n<\/p>\n<\/div>\n<div class=\"awac-wrapper awac widget blog_subscription-2\">\n<h4 class=\"widget-title\">Abonnez-vous \u00e0 notre lettre d&rsquo;information<\/h4>\n<\/div>\n<p>Auteur: EcoMatin<br \/>\n<a href=\"https:\/\/ecomatin.net\/douane-camerounaise-le-scandale-de-trop\/\">Cliquez ici pour lire l&rsquo;article depuis sa source.<\/a><\/p>\n","protected":false},"excerpt":{"rendered":"<p>La Douane camerounaise est une fois de plus mise au-devant de la sc\u00e8ne, et pas toujours dans le bon sens. Il y a quelques semaines encore,\u00a0 cinq agents de la direction g\u00e9n\u00e9rale des Douanes \u00e9taient suspendus de leurs fonctions pendant une p\u00e9riode de trois mois \u00e0 compter du 12 f\u00e9vrier 2019, date de la signature [&hellip;]<\/p>\n","protected":false},"author":1969,"featured_media":0,"comment_status":"closed","ping_status":"closed","sticky":false,"template":"","format":"standard","meta":{"fifu_image_url":"","fifu_image_alt":"","footnotes":""},"categories":[82,78],"tags":[],"class_list":["post-22485","post","type-post","status-publish","format-standard","hentry","category-cameroun","category-economie"],"_links":{"self":[{"href":"https:\/\/linitiative.ca\/International\/wp-json\/wp\/v2\/posts\/22485","targetHints":{"allow":["GET"]}}],"collection":[{"href":"https:\/\/linitiative.ca\/International\/wp-json\/wp\/v2\/posts"}],"about":[{"href":"https:\/\/linitiative.ca\/International\/wp-json\/wp\/v2\/types\/post"}],"author":[{"embeddable":true,"href":"https:\/\/linitiative.ca\/International\/wp-json\/wp\/v2\/users\/1969"}],"replies":[{"embeddable":true,"href":"https:\/\/linitiative.ca\/International\/wp-json\/wp\/v2\/comments?post=22485"}],"version-history":[{"count":0,"href":"https:\/\/linitiative.ca\/International\/wp-json\/wp\/v2\/posts\/22485\/revisions"}],"wp:attachment":[{"href":"https:\/\/linitiative.ca\/International\/wp-json\/wp\/v2\/media?parent=22485"}],"wp:term":[{"taxonomy":"category","embeddable":true,"href":"https:\/\/linitiative.ca\/International\/wp-json\/wp\/v2\/categories?post=22485"},{"taxonomy":"post_tag","embeddable":true,"href":"https:\/\/linitiative.ca\/International\/wp-json\/wp\/v2\/tags?post=22485"}],"curies":[{"name":"wp","href":"https:\/\/api.w.org\/{rel}","templated":true}]}}