{"id":22523,"date":"2019-03-18T05:46:11","date_gmt":"2019-03-18T09:46:11","guid":{"rendered":"https:\/\/linitiative.ca\/International\/khenchela-les-habitants-de-la-commune-de-cherchar-reclament-logements-et-amenagement-urbain\/"},"modified":"2019-03-18T05:46:11","modified_gmt":"2019-03-18T09:46:11","slug":"khenchela-les-habitants-de-la-commune-de-cherchar-reclament-logements-et-amenagement-urbain","status":"publish","type":"post","link":"https:\/\/linitiative.ca\/International\/khenchela-les-habitants-de-la-commune-de-cherchar-reclament-logements-et-amenagement-urbain\/","title":{"rendered":"Khenchela: les habitants de la commune de Cherchar r\u00e9clament logements et am\u00e9nagement urbain"},"content":{"rendered":"<div>\n<div class=\"K2FeedIntroText\">\n<p><strong>KHENCHELA &#8211; Les habitants de la commune de Cherchar (sud de Khenchela) ont protest\u00e9 dimanche devant le si\u00e8ge de cette Assembl\u00e9e populaire communale (APC) pour r\u00e9clamer des logements et la prise en charge des leurs pr\u00e9occupations li\u00e9es \u00e0 l\u2019am\u00e9nagement urbain dans plusieurs quartiers de cette localit\u00e9, a-t-on constat\u00e9.<\/strong><\/p>\n<\/div>\n<div class=\"K2FeedFullText\">\n<p>Les protestataires ont bloqu\u00e9 l\u2019entr\u00e9e principale du si\u00e8ge de l\u2019APC de Cherchar brandissant des banderoles et demandant l\u2019intervention du wali pour \u00ab\u00a0la prise en consid\u00e9ration des revendications\u00a0\u00bb.<\/p>\n<p>Approch\u00e9 par l\u2019APS, le repr\u00e9sentant des protestataires, Mohamed Salah, a affirm\u00e9 que \u00ab\u00a0les habitants de Cherchar reprochent au pr\u00e9sident de l\u2019APC et de ses adjoints le manque d\u2019initiative\u00a0\u00bb et exigent \u00ab\u00a0la r\u00e9ponse \u00e0 leurs aspirations en tant que citoyens\u00a0\u00bb.<\/p>\n<p>Les protestataires ont \u00e9galement saisi les autorit\u00e9s locales pour d\u00e9noncer \u00ab\u00a0l\u2019absence de projets de d\u00e9veloppement dans cette commune\u00a0\u00bb et \u00ab\u00a0le d\u00e9ficit en \u00e9quipements publics\u00a0\u00bb ainsi que \u00ab\u00a0la marginalisation qu\u2019ils endurent depuis 15 ans\u00a0\u00bb.<\/p>\n<p>Approch\u00e9 par l\u2019APS, le P\/APC de Cherchar, Hakim Mebarki, a attribu\u00e9 la fermeture du si\u00e8ge de l\u2019APC \u00e0 \u00ab\u00a0des opposant motiv\u00e9s par des int\u00e9r\u00eats personnels\u00a0\u00bb, d\u00e9non\u00e7ant \u00ab\u00a0la manipulation des scolaris\u00e9s mineurs\u00a0\u00bb dans la fermeture du si\u00e8ge de cette collectivit\u00e9\u00a0 locale.<\/p>\n<p>L\u2019\u00e9dile a, par ailleurs, assur\u00e9 qu\u2019il \u0153uvre ainsi que tous les membres de l\u2019assembl\u00e9e pour r\u00e9pondre aux pr\u00e9occupations des citoyens, soulignant que \u00ab\u00a0les portes de l\u2019APC demeurent ouvertes pour toute dol\u00e9ance\u00a0\u00bb.<\/p>\n<p>Il a ajout\u00e9, dans ce contexte, que \u00ab\u00a0prochainement la commune de Cherchar verra la distribution de 274 logements\u00a0\u00bb, ainsi que l\u2019inscription de plusieurs projets d\u2019am\u00e9nagement urbain et le raccordement aux r\u00e9seaux du gaz et de l\u2019\u00e9lectricit\u00e9 de plus 20 groupements d\u2019habitations rurales relevant de cette collectivit\u00e9 locale.<\/p>\n<\/div>\n<\/div>\n<p>Auteur:<br \/>\n<a href=\"http:\/\/www.aps.dz\/regions\/86976-khenchela-les-habitants-de-la-commune-de-cherchar-reclament-logements-et-amenagement-urbain\">Cliquez ici pour lire l&rsquo;article depuis sa source.<\/a><\/p>\n","protected":false},"excerpt":{"rendered":"<p>KHENCHELA &#8211; Les habitants de la commune de Cherchar (sud de Khenchela) ont protest\u00e9 dimanche devant le si\u00e8ge de cette Assembl\u00e9e populaire communale (APC) pour r\u00e9clamer des logements et la prise en charge des leurs pr\u00e9occupations li\u00e9es \u00e0 l\u2019am\u00e9nagement urbain dans plusieurs quartiers de cette localit\u00e9, a-t-on constat\u00e9. Les protestataires ont bloqu\u00e9 l\u2019entr\u00e9e principale du [&hellip;]<\/p>\n","protected":false},"author":1790,"featured_media":0,"comment_status":"closed","ping_status":"closed","sticky":false,"template":"","format":"standard","meta":{"fifu_image_url":"","fifu_image_alt":"","footnotes":""},"categories":[53,76],"tags":[],"class_list":["post-22523","post","type-post","status-publish","format-standard","hentry","category-algerie","category-regions"],"_links":{"self":[{"href":"https:\/\/linitiative.ca\/International\/wp-json\/wp\/v2\/posts\/22523","targetHints":{"allow":["GET"]}}],"collection":[{"href":"https:\/\/linitiative.ca\/International\/wp-json\/wp\/v2\/posts"}],"about":[{"href":"https:\/\/linitiative.ca\/International\/wp-json\/wp\/v2\/types\/post"}],"author":[{"embeddable":true,"href":"https:\/\/linitiative.ca\/International\/wp-json\/wp\/v2\/users\/1790"}],"replies":[{"embeddable":true,"href":"https:\/\/linitiative.ca\/International\/wp-json\/wp\/v2\/comments?post=22523"}],"version-history":[{"count":0,"href":"https:\/\/linitiative.ca\/International\/wp-json\/wp\/v2\/posts\/22523\/revisions"}],"wp:attachment":[{"href":"https:\/\/linitiative.ca\/International\/wp-json\/wp\/v2\/media?parent=22523"}],"wp:term":[{"taxonomy":"category","embeddable":true,"href":"https:\/\/linitiative.ca\/International\/wp-json\/wp\/v2\/categories?post=22523"},{"taxonomy":"post_tag","embeddable":true,"href":"https:\/\/linitiative.ca\/International\/wp-json\/wp\/v2\/tags?post=22523"}],"curies":[{"name":"wp","href":"https:\/\/api.w.org\/{rel}","templated":true}]}}