{"id":22526,"date":"2019-03-18T06:51:32","date_gmt":"2019-03-18T10:51:32","guid":{"rendered":"https:\/\/linitiative.ca\/International\/souk-ahras-plantes-aromatiques-et-medicinales-sessions-de-formation-pour-150-apiculteurs\/"},"modified":"2019-03-18T06:51:32","modified_gmt":"2019-03-18T10:51:32","slug":"souk-ahras-plantes-aromatiques-et-medicinales-sessions-de-formation-pour-150-apiculteurs","status":"publish","type":"post","link":"https:\/\/linitiative.ca\/International\/souk-ahras-plantes-aromatiques-et-medicinales-sessions-de-formation-pour-150-apiculteurs\/","title":{"rendered":"Souk-Ahras\/Plantes aromatiques et m\u00e9dicinales: sessions de formation pour 150 apiculteurs"},"content":{"rendered":"<div>\n<div class=\"K2FeedImage\"><img decoding=\"async\" src=\"http:\/\/www.aps.dz\/media\/k2\/items\/cache\/27a80a053e338c8b667c707f2b090476_S.jpg\" alt=\"Souk-Ahras\/Plantes aromatiques et m\u00e9dicinales: sessions de formation pour 150 apiculteurs\"><\/div>\n<div class=\"K2FeedIntroText\">\n<p>\u00a0<\/p>\n<p><strong>SOUK-AHRAS &#8211; Des sessions de formation au profit de 150 apiculteurs dans le domaine de la culture des <a href=\"http:\/\/www.aps.dz\/sante-science-technologie\/80718-ghardaia-valoriser-les-plantes-aromatiques-et-medicinales-et-des-agrumes\" target=\"_blank\" rel=\"noopener noreferrer\">plantes aromatiques et m\u00e9dicinales<\/a> ont \u00e9t\u00e9 lanc\u00e9es depuis janvier dernier en vue de promouvoir la fili\u00e8re de l\u2019apiculture, a-t-on appris lundi du pr\u00e9sident de l\u2019association locale de l\u2019apiculture,\u00a0 M\u2019Barek Amrane.<\/strong><\/p>\n<\/div>\n<div class=\"K2FeedFullText\">\n<p>Des cours th\u00e9oriques et pratiques sur les m\u00e9thodes et les techniques de la culture et l\u2019entretien des plantes aromatiques et m\u00e9dicinales sont dispens\u00e9s aux\u00a0 b\u00e9n\u00e9ficiaires de ces sessions en cours actuellement dans les centres de la formation professionnelles des communes d\u2019El Machrouha et Lahdada a pr\u00e9cis\u00e9 M. Amrane soulignant que ces sessions de formation devront\u00a0 se poursuivre jusqu\u2019\u00e0 la fin du mois d\u2019avril prochain.<\/p>\n<hr>\n<h3>Lire aussi:\u00a0<a href=\"http:\/\/www.aps.dz\/sante-science-technologie\/81211-pour-l-adoption-des-projets-de-recherche-universitaire-en-matiere-de-plantes-medicinales-et-aromatiques\" target=\"_blank\" rel=\"noopener noreferrer\">Pour l\u2019adoption des projets de recherche universitaire en mati\u00e8re de plantes m\u00e9dicinales et aromatiques<\/a><\/h3>\n<hr>\n<p>Mettant en avant l\u2019importance de cette initiative et son impact sur l\u2019augmentation du nombre des apiculteurs dans cette wilaya frontali\u00e8re et l\u2019am\u00e9lioration de la qualit\u00e9 du rendement \u00e0 travers l\u2019initiation aux nouveaux proc\u00e9d\u00e9s adopt\u00e9s dans ce domaine, le pr\u00e9sident de cette association a relev\u00e9 que des sp\u00e9cialistes en apiculture et plantes aromatiques et m\u00e9dicinales encadrent ces formations.<\/p>\n<p>Le m\u00eame responsable, \u00e9galement pr\u00e9sident de la coop\u00e9rative \u00ab\u00a0la Reine\u00a0\u00bb de l\u2019apiculture a mis l\u2019accent sur l\u2019importance de cette activit\u00e9 agricole r\u00e9pande dans les r\u00e9gions foresti\u00e8res et montagneuses de la wilaya dans la cr\u00e9ation de postes de travail pour les dipl\u00f4m\u00e9s et stagiaires des centres de la formation professionnelle soulignant l\u2019introduction r\u00e9cemment de la formation de technicien en\u00a0 maintenance des ruches d\u2019abeilles, \u00e0 la faveur d\u2019une convention sign\u00e9e r\u00e9cemment entre les\u00a0 directions locales\u00a0 de la formation et de l\u2019enseignement professionnels et les services agricoles (DSA).<\/p>\n<hr>\n<h3>Lire aussi:\u00a0<a href=\"http:\/\/www.aps.dz\/regions\/82705-ghardaia-les-plantes-aromatiques-et-medicinales-ouvrent-des-perspectives-prometteuses\" target=\"_blank\" rel=\"noopener noreferrer\">Ghardaia : les plantes aromatiques et m\u00e9dicinales ouvrent des perspectives prometteuses<\/a><\/h3>\n<hr>\n<p>Deux sessions de formation au profit de 380 apiculteurs de la wilaya avaient \u00e9t\u00e9 organis\u00e9es en 2018 par la m\u00eame association, a rappel\u00e9 le m\u00eame responsable, pr\u00e9cisant que les th\u00e8mes de ces formations avaient \u00e9t\u00e9 ax\u00e9s sur les m\u00e9thodes d\u2019alimentation artificielle des abeilles et\u00a0 la lutte contre les maladies de la ruche.<\/p>\n<p>De sa part le pr\u00e9sident de la chambre agricole, Mohamed Yazid Hambli a pr\u00e9cis\u00e9 que la fili\u00e8re apiculture a connait ces derni\u00e8res ann\u00e9es un \u2018\u2019d\u00e9collage\u2019\u2019 \u00e0 travers l\u2019augmentation du nombre de apiculteurs, actuellement au nombre de 1.200 \u00e0 travers la wilaya ayant b\u00e9n\u00e9fici\u00e9 d\u2019accompagnement.<\/p>\n<\/div>\n<\/div>\n<p>Auteur:<br \/>\n<a href=\"http:\/\/www.aps.dz\/regions\/86986-plantes-aromatiques-et-medicinales-des-sessions-de-formation-pour-150-apiculteurs-a-souk-ahras\">Cliquez ici pour lire l&rsquo;article depuis sa source.<\/a><\/p>\n","protected":false},"excerpt":{"rendered":"<p>\u00a0 SOUK-AHRAS &#8211; Des sessions de formation au profit de 150 apiculteurs dans le domaine de la culture des plantes aromatiques et m\u00e9dicinales ont \u00e9t\u00e9 lanc\u00e9es depuis janvier dernier en vue de promouvoir la fili\u00e8re de l\u2019apiculture, a-t-on appris lundi du pr\u00e9sident de l\u2019association locale de l\u2019apiculture,\u00a0 M\u2019Barek Amrane. Des cours th\u00e9oriques et pratiques sur [&hellip;]<\/p>\n","protected":false},"author":1790,"featured_media":22527,"comment_status":"closed","ping_status":"closed","sticky":false,"template":"","format":"standard","meta":{"fifu_image_url":"","fifu_image_alt":"","footnotes":""},"categories":[53,76],"tags":[],"class_list":["post-22526","post","type-post","status-publish","format-standard","has-post-thumbnail","hentry","category-algerie","category-regions"],"_links":{"self":[{"href":"https:\/\/linitiative.ca\/International\/wp-json\/wp\/v2\/posts\/22526","targetHints":{"allow":["GET"]}}],"collection":[{"href":"https:\/\/linitiative.ca\/International\/wp-json\/wp\/v2\/posts"}],"about":[{"href":"https:\/\/linitiative.ca\/International\/wp-json\/wp\/v2\/types\/post"}],"author":[{"embeddable":true,"href":"https:\/\/linitiative.ca\/International\/wp-json\/wp\/v2\/users\/1790"}],"replies":[{"embeddable":true,"href":"https:\/\/linitiative.ca\/International\/wp-json\/wp\/v2\/comments?post=22526"}],"version-history":[{"count":0,"href":"https:\/\/linitiative.ca\/International\/wp-json\/wp\/v2\/posts\/22526\/revisions"}],"wp:featuredmedia":[{"embeddable":true,"href":"https:\/\/linitiative.ca\/International\/wp-json\/"}],"wp:attachment":[{"href":"https:\/\/linitiative.ca\/International\/wp-json\/wp\/v2\/media?parent=22526"}],"wp:term":[{"taxonomy":"category","embeddable":true,"href":"https:\/\/linitiative.ca\/International\/wp-json\/wp\/v2\/categories?post=22526"},{"taxonomy":"post_tag","embeddable":true,"href":"https:\/\/linitiative.ca\/International\/wp-json\/wp\/v2\/tags?post=22526"}],"curies":[{"name":"wp","href":"https:\/\/api.w.org\/{rel}","templated":true}]}}