{"id":22535,"date":"2019-03-18T13:28:14","date_gmt":"2019-03-18T17:28:14","guid":{"rendered":"https:\/\/linitiative.ca\/International\/plus-de-50-candidats-a-la-migration-clandestine-secourus-par-la-marine-royale-au-large-de-nador\/"},"modified":"2019-03-18T13:28:14","modified_gmt":"2019-03-18T17:28:14","slug":"plus-de-50-candidats-a-la-migration-clandestine-secourus-par-la-marine-royale-au-large-de-nador","status":"publish","type":"post","link":"https:\/\/linitiative.ca\/International\/plus-de-50-candidats-a-la-migration-clandestine-secourus-par-la-marine-royale-au-large-de-nador\/","title":{"rendered":"Plus de 50 candidats \u00e0 la migration clandestine secourus par la Marine royale au large de Nador"},"content":{"rendered":"<div class=\"single-featured\"><img alt=\"\" data-src=\"http:\/\/www.mapoujda.ma\/map\/uploads\/2019\/03\/la-Marine-royale-et-l\u00e9migration-clandestine-nador.jpg\"\/><\/div>\n<div class=\"single-post-excerpt post-excerpt-bc\" readability=\"41\">\n<p>Cinquante-trois subsahariens candidats \u00e0 la migration irr\u00e9guli\u00e8re, dont dix femmes, en difficult\u00e9 \u00e0 bord d\u2019une embarcation pneumatique d\u00e9gonfl\u00e9e, ont \u00e9t\u00e9 secourus, durant la nuit de dimanche \u00e0 lundi, par un garde-c\u00f4tes de la Marine royale au large de Nador, apprend-on de source militaire.<\/p>\n<\/div>\n<div class=\"entry-content clearfix single-post-content\" readability=\"42\">\n<p>Ces candidats \u00e0 la migration clandestine, dont certains \u00e9taient dans un \u00e9tat de sant\u00e9 d\u00e9grad\u00e9, ont re\u00e7u les premiers soins n\u00e9cessaires \u00e0 bord de l\u2019unit\u00e9 de la Marine royale, avant d\u2019\u00eatre ramen\u00e9s au port de Nador et remis \u00e0 la brigade de la Gendarmerie royale pour proc\u00e9dure d\u2019us\u200bage.<\/p>\n<p>Trois cadavres retrouv\u00e9s \u00e0 bord de l\u2019embarcation secourue ont \u00e9t\u00e9 \u00e9vacu\u00e9s sur la morgue de l\u2019h\u00f4pital El Hassani de Nador, selon la m\u00eame source.<\/p>\n<\/div>\n<p>Auteur: Soufiane ELAHMAR<br \/>\n<a href=\"http:\/\/www.mapoujda.ma\/fr\/plus-de-50-candidats-a-la-migration-clandestine-secourus-par-la-marine-royale-au-large-de-nador\/\">Cliquez ici pour lire l&rsquo;article depuis sa source.<\/a><\/p>\n","protected":false},"excerpt":{"rendered":"<p>Cinquante-trois subsahariens candidats \u00e0 la migration irr\u00e9guli\u00e8re, dont dix femmes, en difficult\u00e9 \u00e0 bord d\u2019une embarcation pneumatique d\u00e9gonfl\u00e9e, ont \u00e9t\u00e9 secourus, durant la nuit de dimanche \u00e0 lundi, par un garde-c\u00f4tes de la Marine royale au large de Nador, apprend-on de source militaire. Ces candidats \u00e0 la migration clandestine, dont certains \u00e9taient dans un \u00e9tat [&hellip;]<\/p>\n","protected":false},"author":1788,"featured_media":22536,"comment_status":"closed","ping_status":"closed","sticky":false,"template":"","format":"standard","meta":{"fifu_image_url":"","fifu_image_alt":"","footnotes":""},"categories":[54,76],"tags":[],"class_list":["post-22535","post","type-post","status-publish","format-standard","has-post-thumbnail","hentry","category-maroc","category-regions"],"_links":{"self":[{"href":"https:\/\/linitiative.ca\/International\/wp-json\/wp\/v2\/posts\/22535","targetHints":{"allow":["GET"]}}],"collection":[{"href":"https:\/\/linitiative.ca\/International\/wp-json\/wp\/v2\/posts"}],"about":[{"href":"https:\/\/linitiative.ca\/International\/wp-json\/wp\/v2\/types\/post"}],"author":[{"embeddable":true,"href":"https:\/\/linitiative.ca\/International\/wp-json\/wp\/v2\/users\/1788"}],"replies":[{"embeddable":true,"href":"https:\/\/linitiative.ca\/International\/wp-json\/wp\/v2\/comments?post=22535"}],"version-history":[{"count":0,"href":"https:\/\/linitiative.ca\/International\/wp-json\/wp\/v2\/posts\/22535\/revisions"}],"wp:featuredmedia":[{"embeddable":true,"href":"https:\/\/linitiative.ca\/International\/wp-json\/"}],"wp:attachment":[{"href":"https:\/\/linitiative.ca\/International\/wp-json\/wp\/v2\/media?parent=22535"}],"wp:term":[{"taxonomy":"category","embeddable":true,"href":"https:\/\/linitiative.ca\/International\/wp-json\/wp\/v2\/categories?post=22535"},{"taxonomy":"post_tag","embeddable":true,"href":"https:\/\/linitiative.ca\/International\/wp-json\/wp\/v2\/tags?post=22535"}],"curies":[{"name":"wp","href":"https:\/\/api.w.org\/{rel}","templated":true}]}}