{"id":22537,"date":"2019-03-18T15:14:05","date_gmt":"2019-03-18T19:14:05","guid":{"rendered":"https:\/\/linitiative.ca\/International\/ligue-1-2-crb-il-est-en-pleine-confiance-chettal-tres-heureux-de-retrouver-lambiance-des-entrainements-avec-mes-coequipiers\/"},"modified":"2019-03-18T15:14:05","modified_gmt":"2019-03-18T19:14:05","slug":"ligue-1-2-crb-il-est-en-pleine-confiance-chettal-tres-heureux-de-retrouver-lambiance-des-entrainements-avec-mes-coequipiers","status":"publish","type":"post","link":"https:\/\/linitiative.ca\/International\/ligue-1-2-crb-il-est-en-pleine-confiance-chettal-tres-heureux-de-retrouver-lambiance-des-entrainements-avec-mes-coequipiers\/","title":{"rendered":"Ligue 1 &amp; 2 : CRB : Il est en pleine confiance : Chettal : \u00abTr\u00e8s heureux de retrouver l\u2019ambiance des entrainements avec mes co\u00e9quipiers\u00bb"},"content":{"rendered":"<div readability=\"32\">\n<p>Auteur : <span>Islam Tazibt<\/span> <span class=\"time\">lundi 18 mars 2019 11:49<\/span><\/p>\n<\/div>\n<div id=\"post_core\" readability=\"120\">\n<p>Apr\u00e8s une mise \u00e0 l\u2019\u00e9cart qui a dur\u00e9 quelques semaines, Djamel Chettal \u00e9tait de retour, samedi dernier, \u00e0 l\u2019entrainement de l\u2019\u00e9quipe. Le joueur de 26 ans, qui semble avoir appris de ses erreurs, nous a racont\u00e9 comment s\u2019est effectu\u00e9 son retour et comment il a trouv\u00e9 l\u2019ambiance au sein du groupe : \u00abJe ne vous cache pas que je suis tr\u00e8s content de reprendre le travail avec le reste du groupe. Travailler avec le reste de mes co\u00e9quipiers et me sentir impliquer dans les objectifs du club : \u00e7a m\u2019a \u00e9norm\u00e9ment manqu\u00e9.\u00bb<\/p>\n<p><strong>\u00abJ\u2019ai bien travaill\u00e9 avec l\u2019\u00e9quipe r\u00e9serve, maintenant je suis pr\u00eat pour le match de ce jeudi\u00bb<\/strong><br \/>Accus\u00e9 d\u2019avoir simul\u00e9 des blessures pour ne pas prendre part aux rencontres de l\u2019\u00e9quipe, Djamel Chettal a pourtant affich\u00e9 un bel \u00e9tat d\u2019esprit\u00a0 avec l\u2019\u00e9quipe r\u00e9serve. D\u2019ailleurs, il assure \u00eatre en tr\u00e8s bonne forme apr\u00e8s toutes les s\u00e9ances effectu\u00e9es avec la r\u00e9serve. \u00abM\u00eame si j\u2019\u00e9tais sanctionn\u00e9, j\u2019ai continu\u00e9 \u00e0 me donner \u00e0 fond \u00e0 l\u2019entrainement. D\u2019ailleurs, je suis en excellente forme physique et m\u00eame moral apr\u00e8s la d\u00e9cision du coach de me r\u00e9int\u00e9grer avec le groupe. Je suis pr\u00eat \u00e0 tenir ma place face au DRBT si le coach me fait confiance.\u00bb<\/p>\n<p><strong>\u00abMa sanction fait partie du pass\u00e9, \u00e0 pr\u00e9sent je ne pense qu\u2019\u00e0 l\u2019avenir\u00bb<\/strong><br \/>Toujours \u00e0 propos de sa mise \u00e0 l\u2019\u00e9cart, l\u2019ailier belouizdadi a \u00e9voqu\u00e9 le volet mental. Il nous a assur\u00e9 \u00eatre totalement frais et pr\u00eat \u00e0 apporter un plus \u00e0 l\u2019\u00e9quipe : \u00abMa sanction fait partie du pass\u00e9. J\u2019en ai parl\u00e9 avec les membres du staff technique et on a d\u00e9cid\u00e9 d\u2019ouvrir une nouvelle \u00e9tape. Une \u00e9tape s\u00e9rieuse durant laquelle je ferai tout mon possible pour \u00eatre le plus utile \u00e0 mon \u00e9quipe. D\u2019ailleurs, je ne pense qu\u2019\u00e0 l\u2019avenir et \u00e0 ce que je pourrai r\u00e9aliser en cette fin de saison qui s\u2019annonce tr\u00e8s importante pour nous.\u00bb<\/p>\n<p><strong>\u00abNotre mission s\u2019annonce difficile mais on a les moyens de s\u2019en sortir\u00bb<\/strong><br \/>Pour terminer, Djamel Chettal s\u2019est exprim\u00e9 sur la semaine cruciale qui attend son \u00e9quipe \u00e0 partir de jeudi prochain, mais aussi la fin de championnat qui d\u00e9terminera l\u2019avenir du club au sein de l\u2019\u00e9lite : \u00abUne semaine d\u00e9cisive nous attend en championnat et en Coupe d\u2019Alg\u00e9rie. On commencera par Tadjenanet et on ira l\u00e0-bas avec la seule intention de revenir avec un r\u00e9sultat positif. Certes, notre mission s\u2019annonce compliqu\u00e9e, mais je pense qu\u2019on a les moyens de s\u2019en sortir avec un r\u00e9sultat qui maintient notre bonne dynamique.\u00bb<br \/>\u00a0<\/p>\n<p><strong>Sayoud : \u00abTadjenanet, un virage crucial en cette fin de saison\u00bb<\/strong><\/p>\n<p>Comment se d\u00e9roule votre pr\u00e9paration du match face au DRBT ?<br \/>Comme toutes les rencontres qu\u2019on a jou\u00e9es jusqu\u2019\u00e0 pr\u00e9sent, on n\u2019effectue aucune pr\u00e9paration particuli\u00e8re ,m\u00eame si la rencontre de jeudi face au DRBT est d\u2019une grande importance. Mais bon, tous les joueurs travaillent s\u00e9rieusement pour \u00eatre en tr\u00e8s grande forme le jour du match. Les membres du staff technique sont aussi en train de faire un excellent travail, notamment sur le plan psychologique, pour maintenir la concentration de tout le monde.<br \/><strong>Comment se pr\u00e9sente pour vous cette rencontre ?<\/strong><br \/>Comme je viens de le dire, ce sera une rencontre tr\u00e8s importante d\u2019un point de vue comptable. Alors oui, on a r\u00e9ussi \u00e0 les battre et \u00e0 les \u00e9liminer en Coupe d\u2019Alg\u00e9rie mais croire qu\u2019on aura la m\u00eame \u00e9quipe en face de nous serait une grossi\u00e8re erreur. D\u2019ailleurs, on s\u2019attend \u00e0 un match compliqu\u00e9. On sait que notre mission va \u00eatre difficile et que la pression sera terrible. N\u00e9anmoins, on croit en nos chances et on sait aussi que si on parvient \u00e0 produire notre jeu habituel, on aura de fortes chances de d\u00e9crocher un r\u00e9sultat positif.<br \/><strong>Ne craignez-vous pas que le manque de comp\u00e9tition joue en votre d\u00e9faveur ?<\/strong><br \/>Il ne faut pas se mentir, l\u2019arr\u00eat du championnat n\u2019a nullement \u00e9t\u00e9 en notre faveur. Maintenant, sera-t-il en notre d\u00e9faveur ? On ne le sait pas. On esp\u00e8re que ce ne sera pas le cas. D\u2019ailleurs, on a tout fait pour maintenir la bonne dynamique qui \u00e9tait la n\u00f4tre ces derni\u00e8res semaines. Que ce soit \u00e0 l\u2019entrainement ou lors des rencontres amicales. Il faut savoir que ces deux derni\u00e8res semaines, on a affront\u00e9 l\u2019USMB et le PAC en amical. Et \u00e7a nous a fait beaucoup de bien.<br \/><strong>Que faut-il retenir de ces rencontres amicales ?<\/strong><br \/>D\u00e9j\u00e0 sur le plan physique, on a gard\u00e9 le rythme de la comp\u00e9tition. Et puis, remporter deux victoires nous a fait \u00e9norm\u00e9ment de bien au moral. \u00c7a nous a aussi aid\u00e9s \u00e0 garder notre confiance, avant d\u2019aborder le match du DRBT. Mais s\u2019il y a une seule chose \u00e0 retenir, je retiendrai la prestation collective de l\u2019\u00e9quipe. Sur ce point, je pense qu\u2019on est en constante progression depuis plusieurs semaines. Et si on continue sur cetyte voie, je n\u2019ai pas le moindre doute quant \u00e0 notre capacit\u00e9 \u00e0 bien finir la saison.<br \/><strong>Comment allez-vous remplacer\u00a0 Soumana et Bechou ?<\/strong><br \/>D\u00e9j\u00e0, il faut dire que ces deux joueurs sont importants au sein de l\u2019effectif. Ils sont aussi sur une bonne dynamique en championnat et en amical. Ne pas pouvoir compter sur eux lors de cette semaine cruciale est regrettable. On aurait aim\u00e9 qu\u2019ils soient avec nous, mais on ne restera pas les bras crois\u00e9s. Bien au contraire, on fera tout notre possible pour bien pallier leurs absences. D\u2019ailleurs, je n\u2019ai pas le moindre doute que ceux qui seront amen\u00e9s \u00e0 jouer sauront \u00eatre \u00e0 la hauteur.<br \/><strong>Un dernier mot pour conclure ?<\/strong><br \/>Pour terminer, je tiens \u00e0 remercier nos supporters qui ont toujours \u00e9t\u00e9 l\u00e0 pour nous soutenir, m\u00eame dans les moments difficiles et dans les endroits les plus \u00e9loign\u00e9s. Leur d\u00e9placement en force \u00e0 Oran, en d\u00e9but de semaine, en est un exemple. Je les appelle \u00e0 venir en force nous soutenir ce jeudi \u00e0 Tadjenanet et je leur promets qu\u2019on fera tout notre possible pour leur offrir les trois points de la rencontre.<br \/>\u00a0<\/p>\n<p><strong>Allik aux petits soins avec ses joueurs<\/strong><br \/>Comme \u00e0 son habitude, Said Allik ne manque aucune occasion de soutenir ses joueurs. Hier encore, le manager g\u00e9n\u00e9ral du Chabab de Belouizdad a suivi l\u2019ensemble de la s\u00e9ance d\u2019entrainement, avant de prendre la parole pour s\u2019adresser aux joueurs. Il leur a notamment r\u00e9it\u00e9r\u00e9 la confiance et le soutien de la direction tout en leur demandant de se montrer \u00e0 la hauteur du d\u00e9fi qui les attend \u00e0 partir de jeudi prochain.<br \/><strong>La LFP refuse toujours de revoir le calendrier du CRB<\/strong><br \/>Le triomphe de la b\u00eatise ! Encore une fois, la LFP a r\u00e9it\u00e9r\u00e9 son refus de proc\u00e9der au moindre changement au niveau du calendrier du CRB. Pour rappel, le Chabab affrontera, en l\u2019espace d\u2019une semaine et apr\u00e8s \u00eatre rest\u00e9 trois semaines sans comp\u00e9tition, le DRBT (21 mars), le CSC (25 mars) et le NAHD (28 mars). Trois rencontres cruciales que les Belouizdadis aborderont sans leurs deux attaquants vedettes, en l\u2019occurrence Bechou et Soumana qui sont retenus avec leurs s\u00e9lections respectives. Ah oui, toutes ces rencontres ont lieu pendant les dates FIFA.<\/p>\n<p><strong>Publi\u00e9 dans :<\/strong> <span>CRB<\/span> <span>Allik<\/span> <span>Sayoud<\/span><\/p>\n<\/div>\n<p>Auteur:<br \/>\n<a href=\"http:\/\/www.lebuteur.com\/article\/detail?titre=crb-il-est-en-pleine-confiance-chettal-tres-heureux-de-retrouver-lambiance-des-entrainements-avec-mes-coequipiers&#038;id=87260&#038;utm_source=feedburner&#038;utm_medium=feed&#038;utm_campaign=Feed%3A+GalerieFArtciles+%28Les+derniers+articles++-+lebuteur.com%29\">Cliquez ici pour lire l&rsquo;article depuis sa source.<\/a><\/p>\n","protected":false},"excerpt":{"rendered":"<p>Auteur : Islam Tazibt lundi 18 mars 2019 11:49 Apr\u00e8s une mise \u00e0 l\u2019\u00e9cart qui a dur\u00e9 quelques semaines, Djamel Chettal \u00e9tait de retour, samedi dernier, \u00e0 l\u2019entrainement de l\u2019\u00e9quipe. Le joueur de 26 ans, qui semble avoir appris de ses erreurs, nous a racont\u00e9 comment s\u2019est effectu\u00e9 son retour et comment il a trouv\u00e9 [&hellip;]<\/p>\n","protected":false},"author":1738,"featured_media":22538,"comment_status":"closed","ping_status":"closed","sticky":false,"template":"","format":"standard","meta":{"fifu_image_url":"","fifu_image_alt":"","footnotes":""},"categories":[53,75],"tags":[],"class_list":["post-22537","post","type-post","status-publish","format-standard","has-post-thumbnail","hentry","category-algerie","category-sport"],"_links":{"self":[{"href":"https:\/\/linitiative.ca\/International\/wp-json\/wp\/v2\/posts\/22537","targetHints":{"allow":["GET"]}}],"collection":[{"href":"https:\/\/linitiative.ca\/International\/wp-json\/wp\/v2\/posts"}],"about":[{"href":"https:\/\/linitiative.ca\/International\/wp-json\/wp\/v2\/types\/post"}],"author":[{"embeddable":true,"href":"https:\/\/linitiative.ca\/International\/wp-json\/wp\/v2\/users\/1738"}],"replies":[{"embeddable":true,"href":"https:\/\/linitiative.ca\/International\/wp-json\/wp\/v2\/comments?post=22537"}],"version-history":[{"count":0,"href":"https:\/\/linitiative.ca\/International\/wp-json\/wp\/v2\/posts\/22537\/revisions"}],"wp:featuredmedia":[{"embeddable":true,"href":"https:\/\/linitiative.ca\/International\/wp-json\/"}],"wp:attachment":[{"href":"https:\/\/linitiative.ca\/International\/wp-json\/wp\/v2\/media?parent=22537"}],"wp:term":[{"taxonomy":"category","embeddable":true,"href":"https:\/\/linitiative.ca\/International\/wp-json\/wp\/v2\/categories?post=22537"},{"taxonomy":"post_tag","embeddable":true,"href":"https:\/\/linitiative.ca\/International\/wp-json\/wp\/v2\/tags?post=22537"}],"curies":[{"name":"wp","href":"https:\/\/api.w.org\/{rel}","templated":true}]}}