{"id":22539,"date":"2019-03-18T15:14:07","date_gmt":"2019-03-18T19:14:07","guid":{"rendered":"https:\/\/linitiative.ca\/International\/ligue-1-2-mca-dieng-ca-fait-du-bien-de-battre-lusma\/"},"modified":"2019-03-18T15:14:07","modified_gmt":"2019-03-18T19:14:07","slug":"ligue-1-2-mca-dieng-ca-fait-du-bien-de-battre-lusma","status":"publish","type":"post","link":"https:\/\/linitiative.ca\/International\/ligue-1-2-mca-dieng-ca-fait-du-bien-de-battre-lusma\/","title":{"rendered":"Ligue 1 &amp; 2 : MCA : Dieng \u00ab\u00e7a fait du bien de battre l\u2019USMA\u00bb"},"content":{"rendered":"<div readability=\"33\">\n<p>Auteur : <span>T. Che , R. B.<\/span> <span class=\"time\">lundi 18 mars 2019 11:49<\/span><\/p>\n<\/div>\n<div id=\"post_core\" readability=\"110\">\n<p>Solide comme un roc tout au long de la partie, Aliou Dieng a pr\u00e9sent\u00e9 une copie quasi parfaite. Le joueur malien se dit soulag\u00e9 d\u2019avoir enfin pu vaincre le club de Soustara, apr\u00e8s avoir v\u00e9cu quelques d\u00e9boires la saison derni\u00e8re lors de son premier derby.<\/p>\n<p><strong>C\u2019\u00e9tait le moment de d\u00e9livrance par excellence, apr\u00e8s ce succ\u00e8s face \u00e0 l\u2019USMA\u2026<\/strong><br \/>Je ne trouve pas les mots pour exprimer ma joie. Je suis aux anges, tout comme mes camarades. Cela fait un bon moment qu\u2019on attend une victoire face \u00e0 l\u2019USMA. J\u2019ai v\u00e9cu deux derbys d\u00e9j\u00e0 sans y parvenir. Mais l\u00e0, Dieu merci, on a su mettre les bons ingr\u00e9dients pour s\u2019imposer face au leader du championnat.\u00a0\u00a0 \u00a0<br \/><strong>Pensez-vous que c\u2019est un match r\u00e9f\u00e9rence pour votre \u00e9quipe ?<\/strong><br \/>\u00c7a reste un match r\u00e9f\u00e9rence dans la mesure o\u00f9 c\u2019est quand m\u00eame un derby face \u00e0 l\u2019USMA. Et cela fait belle lurette que le Mouloudia n\u2019avait pas battu l\u2019USMA en championnat. Alors, bien \u00e9videmment que \u00e7a reste une r\u00e9f\u00e9rence pour nous. On doit s\u2019appuyer sur ce match pour aller de l\u2019avant.<br \/><strong>Lors de votre premier derby contre l\u2019USMA disput\u00e9 la saison derni\u00e8re en f\u00e9vrier 2018, vous \u00e9tiez \u00e0 c\u00f4t\u00e9 de votre sujet. Cette fois, vous avez \u00e9t\u00e9 l\u2019un des grands artisans du succ\u00e8s de votre \u00e9quipe\u2026<\/strong><br \/>C\u2019est vrai que lors de mon premier derby contre l\u2019USMA, j\u2019\u00e9tais \u00e0 c\u00f4t\u00e9 de la plaque. J\u2019\u00e9tais traumatis\u00e9 en voyant 70.000 spectateurs. Cela reste tr\u00e8s impressionnant. Cette fois, j\u2019ai su me servir de cette exp\u00e9rience pour r\u00e9aliser un match plein. Je me suis senti dans le bon tempo d\u00e8s le coup d\u2019envoi. D\u00e8s que j\u2019ai r\u00e9ussi un tacle d\u00e9cisif dans la surface de v\u00e9rit\u00e9, j\u2019\u00e9tais lanc\u00e9. C\u2019est bon, je savais que j\u2019allais r\u00e9aliser un gros match. Je suis content car cette fois, j\u2019ai su me montrer \u00e0 la hauteur de ce derby.<br \/><strong>Le fait aussi de se produire aux c\u00f4t\u00e9s de Bendebka et Amada rend les choses faciles\u2026<\/strong><br \/>Il est vrai que cela fait un moment qu\u2019on n\u2019a pas jou\u00e9 ensemble car j\u2019\u00e9tais suspendu et Amada \u00e9tait bless\u00e9 alors que Bendebka a \u00e9volu\u00e9 un moment en lib\u00e9ro. Cette fois, on a \u00e9t\u00e9 associ\u00e9s et, ma foi, on s\u2019est pas mal d\u00e9brouill\u00e9s. Il est important pour nous de gagner la bataille du milieu. C\u2019est souvent \u00e0 ce niveau que se joue le derby.<br \/><strong>N\u2019avez-vous pas dout\u00e9 lorsque vous avez pris le 2e but \u00e9galisateur dans les ultimes minutes sur un coup franc d\u00e9tourn\u00e9 ?<\/strong><br \/>Certes, ce but \u00e9galisateur sur un coup du sort nous a fait tr\u00e8s mal car il est intervenu \u00e0 quelques minutes de la fin. Mais notre r\u00e9action a \u00e9t\u00e9 forte. On a fait preuve de caract\u00e8re en trouvant la faille sur penalty, juste avant le coup de sifflet final.<br \/><strong>Il y a eu cette communion avec vos supporters qui a d\u00fb vous faire le plus grand bien\u2026<\/strong><br \/>Bien \u00e9videmment que le rapprochement avec nos supporters fait du bien. Certes, il n\u2019y avait pas 80.000 spectateurs au stade, mais nos fans nous ont soutenus de la premi\u00e8re \u00e0 la derni\u00e8re minute. Et je ne vous cache pas que cela fait beaucoup de bien au groupe. Il faut savoir qu\u2019on ne peut pas aller tr\u00e8s loin sans l\u2019appui des Chnaoua. On compte sur eux pour accrocher le podium qui reste notre ultime et dernier objectif pour sauver la mise.<br \/><strong>Vous avez \u00e9t\u00e9 retenu en s\u00e9lection des U23 du Mali. C\u2019est une \u00e9tape vers la s\u00e9lection nationale\u2026<\/strong><br \/>C\u2019est tr\u00e8s motivant. Bien \u00e9videmment que j\u2019ai cette ambition de porter un jour le maillot de la s\u00e9lection nationale. Mais cela viendra avec le travail et l\u2019abn\u00e9gation. Il faut continuer sur cette voie. D\u2019ailleurs, lorsque je suis venu au Mouloudia, je savais que c\u2019est un tr\u00e8s grand club qui allait m\u2019ouvrir d\u2019autres horizons.<br \/><strong>Il y aura ce match contre le MCO que vous allez manquer, date FIFA oblige\u2026<\/strong><br \/>Il n\u2019y aura pas que moi. Il y a aussi Amada. Mais je sais que mes partenaires vont r\u00e9aliser un gros match. On n\u2019a pas le choix, il faut gagner ce jeudi contre le MCO pour rester coll\u00e9s au wagon de t\u00eate.<br \/><strong>Apr\u00e8s cette belle victoire, Mekhazni avait d\u00e9clar\u00e9 qu\u2019on avait le droit de r\u00eaver du podium et m\u00eame plus. Qu\u2019avez-vous \u00e0 dire \u00e0 ce sujet ?<\/strong><br \/>Je partage totalement l\u2019avis du coach. On s\u2019est relanc\u00e9s dans la course au podium avec deux matches en moins. Il faut pers\u00e9v\u00e9rer sur cette voie en affichant un \u00e9tat d\u2019esprit irr\u00e9prochable jusqu\u2019\u00e0 la fin de la saison. Je suis convaincu qu\u2019on terminera sur le podium. S\u2019offrir une place africaine est une obligation, surtout pour un club comme le Mouloudia. \u00a0<br \/>\u00a0<\/p>\n<p><strong>Il rejoint Nekkache<br \/>Bendebka 2e meilleur buteur<\/strong><\/p>\n<p>Une nouvelle fois, l\u2019\u00e9quipe mouloud\u00e9enne a pu compter sur Sofiane Bendebka auteur du 2e but face \u00e0 l\u2019USMA d\u2019une t\u00eate rageuse. Une r\u00e9alisation qui permet \u00e0 l\u2019international mouloud\u00e9en de porter son total \u00e0 4 r\u00e9alisations en championnat depuis le d\u00e9but de la saison. Assez curieusement, BBK avait fait de m\u00eame le 24 f\u00e9vrier 2018 contre l\u2019USMA, en r\u00e9duisant la marque d\u2019une t\u00eate rageuse. Et voil\u00e0 que Sofiane r\u00e9cidive face au club de Soustara. Au total, le milieu de terrain comptabilise 4 banderilles contre respectivement le MCO, le CSC, le NAHD et bien \u00e9videmment l\u2019USMA. Une performance qui permet au gladiateur mouloud\u00e9en de rejoindre Nekkache au rang de 2e baroudeur de l\u2019\u00e9quipe en championnat. Mohamed Souibaah reste en t\u00eate avec 5 unit\u00e9s gr\u00e2ce notamment \u00e0 son doubl\u00e9 contre le DRBT au stade du 5-Juillet.\u00a0 \u00a0<br \/>\u00a0<br \/><strong>Bendebka : \u00abJe suis habitu\u00e9 \u00e0 marquer plus, je dois encore inscrire d\u2019autres buts\u00bb<\/strong><br \/>Au sujet de son ratio avec 4 buts en championnat, Sofiane Bendebka est loin d\u2019afficher un satisfecit. Le milieu mouloud\u00e9en nous a confi\u00e9 qu\u2019il est habitu\u00e9 \u00e0 inscrire plus de buts au cours d\u2019une saison. \u00ab C\u2019est vrai que lorsqu\u2019on s\u2019illustre lors du derby par un but, cela marque les esprits. Mais je ne vous cache pas que je suis habitu\u00e9 \u00e0 inscrire bien plus durant une saison. Avec 4 buts, je ne suis pas dans mes standards. A moi de m\u2019arracher pour inscrire d\u2019autres buts et aider ainsi mon \u00e9quipe \u00e0 accrocher le podium \u00bb, nous a confi\u00e9 BBK avec son esprit de comp\u00e9titeur.<br \/>\u00a0<\/p>\n<p><strong>Ali Bendebka (oncle de Sofiane) \u00abJe demande toujours \u00e0 Sofiane de tirer de loin et de distiller des passes d\u00e9cisives\u00bb<\/strong><\/p>\n<p>Lors d\u2019un entretien assez rare r\u00e9alis\u00e9 derni\u00e8rement par El Heddaf TV, Ali Bendebka, l\u2019ancien chouchou et meneur de jeu du Nasria, a \u00e9voqu\u00e9 le parcours de son neveu, Sofiane, qui brille sous le maillot du Mouloudia, apr\u00e8s l\u2019avoir fait sous la banni\u00e8re du NAHD. \u00ab Le niveau de Sofiane reste constant. La preuve, tous les entra\u00eeneurs qui se sont succ\u00e9d\u00e9 \u00e0 la barre technique de l\u2019\u00e9quipe comptent sur lui. Je lui parle tr\u00e8s souvent en lui prodiguant des conseils. Je lui demande souvent de faire deux choses que moi je ne faisais pas lorsque j\u2019\u00e9tais joueur. Je lui demande de tirer de loin et de distiller des passes d\u00e9cisives, comme il l\u2019a fait contre l\u2019USMA en mettant Benaldjia sur orbite. Il lui reste \u00e0 travailler ses frappes \u00e0 mi-distance.\u00bb<\/p>\n<p><strong>\u00abJ\u2019esp\u00e8re qu\u2019il reviendra en Equipe nationale, lui qui r\u00eave d\u2019une carri\u00e8re \u00e0 l\u2019\u00e9tranger\u00bb<\/strong><br \/>Toujours lors de son interview, Ali \u00e9voque les r\u00eaves de son neveu qui veut embrasser une carri\u00e8re \u00e0 l\u2019\u00e9tranger. \u00ab Je souhaite que Sofiane revienne en Equipe nationale car il affiche un bon niveau au Mouloudia. Il r\u00eave aussi d\u2019embrasser une carri\u00e8re \u00e0 l\u2019\u00e9tranger car c\u2019est un joueur tr\u00e8s ambitieux qui veut progresser. Je lui souhaite beaucoup de r\u00e9ussite dans la suite de sa carri\u00e8re \u00bb, dira en substance l\u2019ancien num\u00e9ro 10 des Sang et Or.<br \/>\u00a0<\/p>\n<p><strong>Publi\u00e9 dans :<\/strong> <span>mca<\/span> <span>Bendebka<\/span> <span>Nekkache<\/span><\/p>\n<\/div>\n<p>Auteur:<br \/>\n<a href=\"http:\/\/www.lebuteur.com\/article\/detail?titre=mca-dieng-ca-fait-du-bien-de-battre-lusma&#038;id=87259&#038;utm_source=feedburner&#038;utm_medium=feed&#038;utm_campaign=Feed%3A+GalerieFArtciles+%28Les+derniers+articles++-+lebuteur.com%29\">Cliquez ici pour lire l&rsquo;article depuis sa source.<\/a><\/p>\n","protected":false},"excerpt":{"rendered":"<p>Auteur : T. Che , R. B. lundi 18 mars 2019 11:49 Solide comme un roc tout au long de la partie, Aliou Dieng a pr\u00e9sent\u00e9 une copie quasi parfaite. Le joueur malien se dit soulag\u00e9 d\u2019avoir enfin pu vaincre le club de Soustara, apr\u00e8s avoir v\u00e9cu quelques d\u00e9boires la saison derni\u00e8re lors de son [&hellip;]<\/p>\n","protected":false},"author":1738,"featured_media":22540,"comment_status":"closed","ping_status":"closed","sticky":false,"template":"","format":"standard","meta":{"fifu_image_url":"","fifu_image_alt":"","footnotes":""},"categories":[53,75],"tags":[],"class_list":["post-22539","post","type-post","status-publish","format-standard","has-post-thumbnail","hentry","category-algerie","category-sport"],"_links":{"self":[{"href":"https:\/\/linitiative.ca\/International\/wp-json\/wp\/v2\/posts\/22539","targetHints":{"allow":["GET"]}}],"collection":[{"href":"https:\/\/linitiative.ca\/International\/wp-json\/wp\/v2\/posts"}],"about":[{"href":"https:\/\/linitiative.ca\/International\/wp-json\/wp\/v2\/types\/post"}],"author":[{"embeddable":true,"href":"https:\/\/linitiative.ca\/International\/wp-json\/wp\/v2\/users\/1738"}],"replies":[{"embeddable":true,"href":"https:\/\/linitiative.ca\/International\/wp-json\/wp\/v2\/comments?post=22539"}],"version-history":[{"count":0,"href":"https:\/\/linitiative.ca\/International\/wp-json\/wp\/v2\/posts\/22539\/revisions"}],"wp:featuredmedia":[{"embeddable":true,"href":"https:\/\/linitiative.ca\/International\/wp-json\/"}],"wp:attachment":[{"href":"https:\/\/linitiative.ca\/International\/wp-json\/wp\/v2\/media?parent=22539"}],"wp:term":[{"taxonomy":"category","embeddable":true,"href":"https:\/\/linitiative.ca\/International\/wp-json\/wp\/v2\/categories?post=22539"},{"taxonomy":"post_tag","embeddable":true,"href":"https:\/\/linitiative.ca\/International\/wp-json\/wp\/v2\/tags?post=22539"}],"curies":[{"name":"wp","href":"https:\/\/api.w.org\/{rel}","templated":true}]}}