{"id":22549,"date":"2019-03-18T15:14:12","date_gmt":"2019-03-18T19:14:12","guid":{"rendered":"https:\/\/linitiative.ca\/International\/pros-la-raison-de-la-mise-a-lecart-de-bentaleb-selon-la-presse-allemande\/"},"modified":"2019-03-18T15:14:12","modified_gmt":"2019-03-18T19:14:12","slug":"pros-la-raison-de-la-mise-a-lecart-de-bentaleb-selon-la-presse-allemande","status":"publish","type":"post","link":"https:\/\/linitiative.ca\/International\/pros-la-raison-de-la-mise-a-lecart-de-bentaleb-selon-la-presse-allemande\/","title":{"rendered":"Pros : La raison de la mise \u00e0 l&rsquo;\u00e9cart de Bentaleb selon la presse allemande"},"content":{"rendered":"<div readability=\"32\">\n<p>Auteur : <span class=\"time\">lundi 18 mars 2019 12:11<\/span><\/p>\n<\/div>\n<div id=\"post_core\" readability=\"47\">\n<p>Schalke 04 a annonc\u00e9 ce dimanche l&rsquo;envoie de Nabil Bentaleb en \u00e9quipe r\u00e9serve pour \u00ab\u00a0raisons disciplinaires\u00a0\u00bb sans ajouter plus de pr\u00e9cisions. Dans son \u00e9dition du jour, le journal allemand Bild pense connaitre la raison de cette mise \u00e0 l&rsquo;\u00e9cart.<\/p>\n<p>L&rsquo;international alg\u00e9rien souffre actuellement d&rsquo;une blessure et le nouvel entraineur par int\u00e9rim, Huub Stevens, lui a tout de m\u00eame demand\u00e9 d&rsquo;\u00eatre pr\u00e9sent en tribune \u00e0 la Veltins-Arena \u00e0 l&rsquo;occasion de la rencontre face au RB Leipzig. Une requ\u00eate qui a d&rsquo;ailleurs \u00e9t\u00e9 adress\u00e9e \u00e0 tous les joueurs bless\u00e9s de Schalke.<\/p>\n<p>Cependant, toujours selon Bild, Bentaleb n&rsquo;a pas r\u00e9pondu \u00e0 la demande de son entraineur ce qui aurait conduit dimanche \u00e0 sa sanction disciplinaire.<\/p>\n<p><strong>Publi\u00e9 dans :<\/strong> <span>bentaleb<\/span><\/p>\n<\/div>\n<p>Auteur:<br \/>\n<a href=\"http:\/\/www.lebuteur.com\/article\/detail?titre=la-raison-de-la-mise-a-lecart-de-bentaleb-selon-la-presse-allemande&#038;id=87268&#038;utm_source=feedburner&#038;utm_medium=feed&#038;utm_campaign=Feed%3A+GalerieFArtciles+%28Les+derniers+articles++-+lebuteur.com%29\">Cliquez ici pour lire l&rsquo;article depuis sa source.<\/a><\/p>\n","protected":false},"excerpt":{"rendered":"<p>Auteur : lundi 18 mars 2019 12:11 Schalke 04 a annonc\u00e9 ce dimanche l&rsquo;envoie de Nabil Bentaleb en \u00e9quipe r\u00e9serve pour \u00ab\u00a0raisons disciplinaires\u00a0\u00bb sans ajouter plus de pr\u00e9cisions. Dans son \u00e9dition du jour, le journal allemand Bild pense connaitre la raison de cette mise \u00e0 l&rsquo;\u00e9cart. L&rsquo;international alg\u00e9rien souffre actuellement d&rsquo;une blessure et le nouvel [&hellip;]<\/p>\n","protected":false},"author":1738,"featured_media":22550,"comment_status":"closed","ping_status":"closed","sticky":false,"template":"","format":"standard","meta":{"fifu_image_url":"","fifu_image_alt":"","footnotes":""},"categories":[53,75],"tags":[],"class_list":["post-22549","post","type-post","status-publish","format-standard","has-post-thumbnail","hentry","category-algerie","category-sport"],"_links":{"self":[{"href":"https:\/\/linitiative.ca\/International\/wp-json\/wp\/v2\/posts\/22549","targetHints":{"allow":["GET"]}}],"collection":[{"href":"https:\/\/linitiative.ca\/International\/wp-json\/wp\/v2\/posts"}],"about":[{"href":"https:\/\/linitiative.ca\/International\/wp-json\/wp\/v2\/types\/post"}],"author":[{"embeddable":true,"href":"https:\/\/linitiative.ca\/International\/wp-json\/wp\/v2\/users\/1738"}],"replies":[{"embeddable":true,"href":"https:\/\/linitiative.ca\/International\/wp-json\/wp\/v2\/comments?post=22549"}],"version-history":[{"count":0,"href":"https:\/\/linitiative.ca\/International\/wp-json\/wp\/v2\/posts\/22549\/revisions"}],"wp:featuredmedia":[{"embeddable":true,"href":"https:\/\/linitiative.ca\/International\/wp-json\/"}],"wp:attachment":[{"href":"https:\/\/linitiative.ca\/International\/wp-json\/wp\/v2\/media?parent=22549"}],"wp:term":[{"taxonomy":"category","embeddable":true,"href":"https:\/\/linitiative.ca\/International\/wp-json\/wp\/v2\/categories?post=22549"},{"taxonomy":"post_tag","embeddable":true,"href":"https:\/\/linitiative.ca\/International\/wp-json\/wp\/v2\/tags?post=22549"}],"curies":[{"name":"wp","href":"https:\/\/api.w.org\/{rel}","templated":true}]}}