{"id":22551,"date":"2019-03-18T15:14:13","date_gmt":"2019-03-18T19:14:13","guid":{"rendered":"https:\/\/linitiative.ca\/International\/international-juventus-luefa-ouvre-une-enquete-sur-ronaldo\/"},"modified":"2019-03-18T15:14:13","modified_gmt":"2019-03-18T19:14:13","slug":"international-juventus-luefa-ouvre-une-enquete-sur-ronaldo","status":"publish","type":"post","link":"https:\/\/linitiative.ca\/International\/international-juventus-luefa-ouvre-une-enquete-sur-ronaldo\/","title":{"rendered":"International : Juventus : L&rsquo;UEFA ouvre une enqu\u00eate sur Ronaldo"},"content":{"rendered":"<div readability=\"32\">\n<p>Auteur : <span class=\"time\">lundi 18 mars 2019 12:33<\/span><\/p>\n<\/div>\n<div id=\"post_core\" readability=\"44\">\n<p>Extr\u00eamement motiv\u00e9 pour cette rencontre, le Portugais a exprim\u00e9 sa joie \u00e0 l\u2019issue de la rencontre d\u2019une mani\u00e8re peu \u00e9l\u00e9gante, en r\u00e9ponse au geste de Diego Simeone lors du match aller comme l&rsquo;indique Footmercato.<\/p>\n<p>Pour cette c\u00e9l\u00e9bration pleine de hargne, Cristiano Ronaldo pourrait \u00eatre sanctionn\u00e9. En effet, l\u2019UEFA ouvre une enqu\u00eate par rapport \u00e0 ce geste, qui pourrait valoir une suspension au num\u00e9ro 7 de la Juventus. La d\u00e9cision finale sera prise le 21 mars. Rappelons que la Vieille Dame affrontera l\u2019Ajax Amsterdam en quart de finale.<\/p>\n<\/div>\n<p>Auteur:<br \/>\n<a href=\"http:\/\/www.lebuteur.com\/article\/detail?titre=juventus-luefa-ouvre-une-enquete-sur-ronaldo&#038;id=87269&#038;utm_source=feedburner&#038;utm_medium=feed&#038;utm_campaign=Feed%3A+GalerieFArtciles+%28Les+derniers+articles++-+lebuteur.com%29\">Cliquez ici pour lire l&rsquo;article depuis sa source.<\/a><\/p>\n","protected":false},"excerpt":{"rendered":"<p>Auteur : lundi 18 mars 2019 12:33 Extr\u00eamement motiv\u00e9 pour cette rencontre, le Portugais a exprim\u00e9 sa joie \u00e0 l\u2019issue de la rencontre d\u2019une mani\u00e8re peu \u00e9l\u00e9gante, en r\u00e9ponse au geste de Diego Simeone lors du match aller comme l&rsquo;indique Footmercato. Pour cette c\u00e9l\u00e9bration pleine de hargne, Cristiano Ronaldo pourrait \u00eatre sanctionn\u00e9. En effet, l\u2019UEFA [&hellip;]<\/p>\n","protected":false},"author":1738,"featured_media":22552,"comment_status":"closed","ping_status":"closed","sticky":false,"template":"","format":"standard","meta":{"fifu_image_url":"","fifu_image_alt":"","footnotes":""},"categories":[53,75],"tags":[],"class_list":["post-22551","post","type-post","status-publish","format-standard","has-post-thumbnail","hentry","category-algerie","category-sport"],"_links":{"self":[{"href":"https:\/\/linitiative.ca\/International\/wp-json\/wp\/v2\/posts\/22551","targetHints":{"allow":["GET"]}}],"collection":[{"href":"https:\/\/linitiative.ca\/International\/wp-json\/wp\/v2\/posts"}],"about":[{"href":"https:\/\/linitiative.ca\/International\/wp-json\/wp\/v2\/types\/post"}],"author":[{"embeddable":true,"href":"https:\/\/linitiative.ca\/International\/wp-json\/wp\/v2\/users\/1738"}],"replies":[{"embeddable":true,"href":"https:\/\/linitiative.ca\/International\/wp-json\/wp\/v2\/comments?post=22551"}],"version-history":[{"count":0,"href":"https:\/\/linitiative.ca\/International\/wp-json\/wp\/v2\/posts\/22551\/revisions"}],"wp:featuredmedia":[{"embeddable":true,"href":"https:\/\/linitiative.ca\/International\/wp-json\/"}],"wp:attachment":[{"href":"https:\/\/linitiative.ca\/International\/wp-json\/wp\/v2\/media?parent=22551"}],"wp:term":[{"taxonomy":"category","embeddable":true,"href":"https:\/\/linitiative.ca\/International\/wp-json\/wp\/v2\/categories?post=22551"},{"taxonomy":"post_tag","embeddable":true,"href":"https:\/\/linitiative.ca\/International\/wp-json\/wp\/v2\/tags?post=22551"}],"curies":[{"name":"wp","href":"https:\/\/api.w.org\/{rel}","templated":true}]}}