{"id":22553,"date":"2019-03-18T15:14:15","date_gmt":"2019-03-18T19:14:15","guid":{"rendered":"https:\/\/linitiative.ca\/International\/people-erdogan-comme-temoin-pour-le-mariage-dozil-reaction-mitigee-de-la-chancellerie-allemande\/"},"modified":"2019-03-18T15:14:15","modified_gmt":"2019-03-18T19:14:15","slug":"people-erdogan-comme-temoin-pour-le-mariage-dozil-reaction-mitigee-de-la-chancellerie-allemande","status":"publish","type":"post","link":"https:\/\/linitiative.ca\/International\/people-erdogan-comme-temoin-pour-le-mariage-dozil-reaction-mitigee-de-la-chancellerie-allemande\/","title":{"rendered":"People : Erdogan comme t\u00e9moin pour le mariage d&rsquo;\u00d6zil ? R\u00e9action mitig\u00e9e de la chancellerie allemande"},"content":{"rendered":"<div readability=\"32\">\n<p>Auteur : <span class=\"time\">lundi 18 mars 2019 13:42<\/span><\/p>\n<\/div>\n<div id=\"post_core\" readability=\"50\">\n<p>Suite \u00e0 une photo post\u00e9e par le joueur d\u2019Arsenal sur les r\u00e9seaux sociaux et sur laquelle on le voyait poser aux c\u00f4t\u00e9s du pr\u00e9sident turc Recep Tayyip Erdogan, l\u2019Allemand avait fait na\u00eetre une \u00e9norme pol\u00e9mique en Allemagne au beau milieu du Mondial 2018. Et voil\u00e0 que Bild annonce dimanche que ce\u00a0m\u00eame Ozil aurait d\u00e9cid\u00e9 de proposer \u00e0 Erdogan d\u2019\u00eatre le t\u00e9moin de son futur mariage. Une d\u00e9cision qui a fait r\u00e9agir chez nos voisins allemands comme l&rsquo;indique 20minutes :<\/p>\n<p>\u00ab\u00a0Evidemment \u00e7a nous attriste, a d\u00e9clar\u00e9 lundi Helge Braun, le chef de cabinet d\u2019Angela Merkel. Lorsque quelqu\u2019un qui a port\u00e9 si longtemps le maillot de l\u2019\u00e9quipe d\u2019Allemagne, et qui a \u00e9t\u00e9 confront\u00e9 \u00e0 une telle r\u00e9action de l\u2019opinion allemande apr\u00e8s sa premi\u00e8re rencontre avec Erdogan, et que \u00e7a se finisse de cette mani\u00e8re, \u00e7a d\u00e9\u00e7oit beaucoup de supporters de football, et moi aussi\u00a0\u00bb.\u00a0Mais au bout du compte, \u00a0\u00bb il s\u2019agit d\u2019une d\u00e9cision priv\u00e9e que l\u2019on doit accepter\u00a0\u00bb, ajoute le responsable, qui a rang de ministre.<\/p>\n<p><strong>Publi\u00e9 dans :<\/strong> <span>Ozil<\/span><\/p>\n<\/div>\n<p>Auteur:<br \/>\n<a href=\"http:\/\/www.lebuteur.com\/article\/detail?titre=erdogan-comme-temoin-pour-le-mariage-dozil-reaction-mitigee-de-la-chancellerie-allemande&#038;id=87270&#038;utm_source=feedburner&#038;utm_medium=feed&#038;utm_campaign=Feed%3A+GalerieFArtciles+%28Les+derniers+articles++-+lebuteur.com%29\">Cliquez ici pour lire l&rsquo;article depuis sa source.<\/a><\/p>\n","protected":false},"excerpt":{"rendered":"<p>Auteur : lundi 18 mars 2019 13:42 Suite \u00e0 une photo post\u00e9e par le joueur d\u2019Arsenal sur les r\u00e9seaux sociaux et sur laquelle on le voyait poser aux c\u00f4t\u00e9s du pr\u00e9sident turc Recep Tayyip Erdogan, l\u2019Allemand avait fait na\u00eetre une \u00e9norme pol\u00e9mique en Allemagne au beau milieu du Mondial 2018. Et voil\u00e0 que Bild annonce [&hellip;]<\/p>\n","protected":false},"author":1738,"featured_media":22554,"comment_status":"closed","ping_status":"closed","sticky":false,"template":"","format":"standard","meta":{"fifu_image_url":"","fifu_image_alt":"","footnotes":""},"categories":[53,75],"tags":[],"class_list":["post-22553","post","type-post","status-publish","format-standard","has-post-thumbnail","hentry","category-algerie","category-sport"],"_links":{"self":[{"href":"https:\/\/linitiative.ca\/International\/wp-json\/wp\/v2\/posts\/22553","targetHints":{"allow":["GET"]}}],"collection":[{"href":"https:\/\/linitiative.ca\/International\/wp-json\/wp\/v2\/posts"}],"about":[{"href":"https:\/\/linitiative.ca\/International\/wp-json\/wp\/v2\/types\/post"}],"author":[{"embeddable":true,"href":"https:\/\/linitiative.ca\/International\/wp-json\/wp\/v2\/users\/1738"}],"replies":[{"embeddable":true,"href":"https:\/\/linitiative.ca\/International\/wp-json\/wp\/v2\/comments?post=22553"}],"version-history":[{"count":0,"href":"https:\/\/linitiative.ca\/International\/wp-json\/wp\/v2\/posts\/22553\/revisions"}],"wp:featuredmedia":[{"embeddable":true,"href":"https:\/\/linitiative.ca\/International\/wp-json\/"}],"wp:attachment":[{"href":"https:\/\/linitiative.ca\/International\/wp-json\/wp\/v2\/media?parent=22553"}],"wp:term":[{"taxonomy":"category","embeddable":true,"href":"https:\/\/linitiative.ca\/International\/wp-json\/wp\/v2\/categories?post=22553"},{"taxonomy":"post_tag","embeddable":true,"href":"https:\/\/linitiative.ca\/International\/wp-json\/wp\/v2\/tags?post=22553"}],"curies":[{"name":"wp","href":"https:\/\/api.w.org\/{rel}","templated":true}]}}