{"id":22555,"date":"2019-03-18T15:14:16","date_gmt":"2019-03-18T19:14:16","guid":{"rendered":"https:\/\/linitiative.ca\/International\/international-man-city-guardiola-refuse-daccabler-mahrez\/"},"modified":"2019-03-18T15:14:16","modified_gmt":"2019-03-18T19:14:16","slug":"international-man-city-guardiola-refuse-daccabler-mahrez","status":"publish","type":"post","link":"https:\/\/linitiative.ca\/International\/international-man-city-guardiola-refuse-daccabler-mahrez\/","title":{"rendered":"International : Man City : Guardiola refuse d&rsquo;accabler Mahrez"},"content":{"rendered":"<div readability=\"32\">\n<p>Auteur : <span class=\"time\">lundi 18 mars 2019 13:54<\/span><\/p>\n<\/div>\n<div id=\"post_core\" readability=\"48\">\n<p>\u00ab\u00a0Nous sommes toujours exigeants, nous nous entra\u00eenons fort pour jouer aussi bien que possible, encore et encore.\u00a0C&rsquo;est le seul moyen parce qu&rsquo;ils vont jouer &#8211; tout le monde va jouer. Si nous avons besoin de 10 ou 15 minutes, ce doit \u00eatre les\u00a0meilleures\u00a0possibles. Nous sommes ici jusqu&rsquo;\u00e0 pr\u00e9sent \u00e0 cause de tout le monde, pas seulement de 11, 12 ou 13 joueurs. Chacun apporte sa contribution et cela a \u00e9t\u00e9 \u00e9norme\u00a0\u00bb, a confess\u00e9 l&rsquo;entra\u00eeneur de Manchester City devant les m\u00e9dias.<\/p>\n<p>En FA Cup, Riyad Mahrez a \u00e9t\u00e9 remplac\u00e9 alors que son \u00e9quipe \u00e9tait men\u00e9e et a assist\u00e9 au\u00a0\u00ab\u00a0comeback\u00a0\u00bb des Citizens depuis le banc de touche, mais Pep Guardiola refuse de pointer du doigt l&rsquo;international alg\u00e9rien :\u00a0\u00ab\u00a0J&rsquo;ai le sentiment &#8211; je sais que nous jugeons parce que nous perdions &#8211; qu&rsquo;il a bien jou\u00e9. Il joue bien. Tu sais que je ne suis pas du genre \u00e0 pointer du doigt quelqu&rsquo;un quand nous perdons ou perdons un point. Jamais\u00a0\u00bb. Des propos relay\u00e9s par Goal.<\/p>\n<\/div>\n<p>Auteur:<br \/>\n<a href=\"http:\/\/www.lebuteur.com\/article\/detail?titre=man-city-guardiola-refuse-daccabler-mahrez&#038;id=87271&#038;utm_source=feedburner&#038;utm_medium=feed&#038;utm_campaign=Feed%3A+GalerieFArtciles+%28Les+derniers+articles++-+lebuteur.com%29\">Cliquez ici pour lire l&rsquo;article depuis sa source.<\/a><\/p>\n","protected":false},"excerpt":{"rendered":"<p>Auteur : lundi 18 mars 2019 13:54 \u00ab\u00a0Nous sommes toujours exigeants, nous nous entra\u00eenons fort pour jouer aussi bien que possible, encore et encore.\u00a0C&rsquo;est le seul moyen parce qu&rsquo;ils vont jouer &#8211; tout le monde va jouer. Si nous avons besoin de 10 ou 15 minutes, ce doit \u00eatre les\u00a0meilleures\u00a0possibles. Nous sommes ici jusqu&rsquo;\u00e0 pr\u00e9sent [&hellip;]<\/p>\n","protected":false},"author":1738,"featured_media":22556,"comment_status":"closed","ping_status":"closed","sticky":false,"template":"","format":"standard","meta":{"fifu_image_url":"","fifu_image_alt":"","footnotes":""},"categories":[53,75],"tags":[],"class_list":["post-22555","post","type-post","status-publish","format-standard","has-post-thumbnail","hentry","category-algerie","category-sport"],"_links":{"self":[{"href":"https:\/\/linitiative.ca\/International\/wp-json\/wp\/v2\/posts\/22555","targetHints":{"allow":["GET"]}}],"collection":[{"href":"https:\/\/linitiative.ca\/International\/wp-json\/wp\/v2\/posts"}],"about":[{"href":"https:\/\/linitiative.ca\/International\/wp-json\/wp\/v2\/types\/post"}],"author":[{"embeddable":true,"href":"https:\/\/linitiative.ca\/International\/wp-json\/wp\/v2\/users\/1738"}],"replies":[{"embeddable":true,"href":"https:\/\/linitiative.ca\/International\/wp-json\/wp\/v2\/comments?post=22555"}],"version-history":[{"count":0,"href":"https:\/\/linitiative.ca\/International\/wp-json\/wp\/v2\/posts\/22555\/revisions"}],"wp:featuredmedia":[{"embeddable":true,"href":"https:\/\/linitiative.ca\/International\/wp-json\/"}],"wp:attachment":[{"href":"https:\/\/linitiative.ca\/International\/wp-json\/wp\/v2\/media?parent=22555"}],"wp:term":[{"taxonomy":"category","embeddable":true,"href":"https:\/\/linitiative.ca\/International\/wp-json\/wp\/v2\/categories?post=22555"},{"taxonomy":"post_tag","embeddable":true,"href":"https:\/\/linitiative.ca\/International\/wp-json\/wp\/v2\/tags?post=22555"}],"curies":[{"name":"wp","href":"https:\/\/api.w.org\/{rel}","templated":true}]}}