{"id":22558,"date":"2019-03-17T19:00:00","date_gmt":"2019-03-17T23:00:00","guid":{"rendered":"https:\/\/linitiative.ca\/International\/protection-civile-la-saison-estivale-se-prepare\/"},"modified":"2019-03-17T19:00:00","modified_gmt":"2019-03-17T23:00:00","slug":"protection-civile-la-saison-estivale-se-prepare","status":"publish","type":"post","link":"https:\/\/linitiative.ca\/International\/protection-civile-la-saison-estivale-se-prepare\/","title":{"rendered":"Protection Civile :  La saison estivale se pr\u00e9pare"},"content":{"rendered":"<p>En pr\u00e9vision de la prochaine saison estivale, les services de la Protection civile s\u2019attellent \u00e0 r\u00e9unir les conditions id\u00e9ales pour pallier les risques d\u2019incendies de for\u00eat et de noyade.<\/p>\n<div readability=\"75\">\n<p>Pour ce faire, la DGPC a organis\u00e9, hier, \u00e0 Bouira, le 1er regroupement r\u00e9gional des directeurs de la protection civile des 24 wilayas du Centre et de l\u2019Est du pays, indique un communiqu\u00e9 de presse de la cellule de communication de la Direction g\u00e9n\u00e9rale de la Protection civile, dont El Moudjahid d\u00e9tient une copie. L\u2019occasion \u00e9tait, \u00e0 cet effet, belle pour dresser le bilan de la saison estivale de 2018, relatif aux dispositifs de surveillance des plages et baignade, de pr\u00e9vention et de lutte contre les feux de for\u00eats et palmiers, notamment sur les volets pr\u00e9ventif, organisationnel et op\u00e9rationnel qui seront \u00e9tudi\u00e9s afin de mettre en \u00e9vidence les aspects positifs et n\u00e9gatifs pour \u00ab pr\u00e9parer \u00bb et \u00ab am\u00e9liorer \u00bb les dispositifs pr\u00e9vus pour la prise en charge de la campagne estivale 2019.\u00a0<\/p>\n<p>A ce propos, les unit\u00e9s de la PC ont eu \u00e0 intervenir en \u00e9t\u00e9 2018 pour l\u2019extinction de 16.883 incendies ayant g\u00e9n\u00e9r\u00e9 des d\u00e9g\u00e2ts \u00e9valu\u00e9s \u00e0 1.739 hectares de for\u00eat, 4.118 ha de maquis, 5.246 ha de broussaille, 5.679 ha de r\u00e9colte, 7.900 palmiers et 61.000 arbres fruitiers. \u00ab Aussi, quelque 27 colonnes mobiles seront mobilis\u00e9es dans le cadre du dispositif de lutte contre les feux de for\u00eats, r\u00e9parties au niveau des wilayas class\u00e9es \u00e0 risque \u00e9lev\u00e9 \u00bb, pr\u00e9cise la m\u00eame source.\u00a0 Par ailleurs, et \u00ab sensible \u00bb \u00e0 la pr\u00e9servation et \u00e0 la protection des palmeraies tr\u00e8s vuln\u00e9rables, le Directeur g\u00e9n\u00e9ral de la Protection civile, le colonel Boughlef, a instruit les directeurs des wilayas du Sud \u00e0 mettre en place des campagnes de sensibilisation de proximit\u00e9 pour \u00ab sensibiliser \u00bb les exploitants des palmeraies sur les risques d\u2019incendies et les informer sur la pr\u00e9vention et la \u00ab conduite \u00e0 tenir \u00bb le cas \u00e9ch\u00e9ant.\u00a0<\/p>\n<p>En ce qui concerne le dispositif de surveillance des plages, 76.118 interventions ont \u00e9t\u00e9 enregistr\u00e9es au niveau des plages autoris\u00e9es \u00e0 la baignade et qui ont permis de sauver 50.548 personnes d\u2019une noyade certaine quand 19.910 estivants ont \u00e9t\u00e9 soign\u00e9s sur place.\u00a0<\/p>\n<p>Au final, on d\u00e9plore 88 d\u00e9c\u00e8s dont 50 ont eu lieu au niveau des plages interdites. S\u2019agissant de la baignade dans les r\u00e9serves d\u2019eau, un ph\u00e9nom\u00e8ne qui ne cesse de se g\u00e9n\u00e9raliser \u00e0 travers le territoire national, non sans provoquer chaque ann\u00e9e des victimes en d\u00e9pit des \u00ab multiples \u00bb campagnes de sensibilisation initi\u00e9es ici et l\u00e0, les statistiques de la saison estivale de 2018 font \u00e9tat de 105 d\u00e9c\u00e8s dont la majorit\u00e9 sont des adolescents et des enfants. Par ailleurs, \u00ab consciente \u00bb de l\u2019apport des actions \u00e0 entreprendre en amont, notamment sur le plan pr\u00e9ventif et les r\u00e9sultats obtenus \u00e0 travers l\u2019organisation de campagnes de sensibilisation et d\u2019information de proximit\u00e9 ayant touch\u00e9 les wilayas c\u00f4ti\u00e8res et d\u2019autres wilayas de l\u2019int\u00e9rieur durant les ann\u00e9es pr\u00e9c\u00e9dentes, une campagne de sensibilisation nationale sera lanc\u00e9e au cours du mois de mai, apprend-on aupr\u00e8s de la cellule de communication de la DGPC.\u00a0<\/p>\n<p>Touchant l\u2019ensemble du territoire national, cette campagne, qui s\u2019\u00e9talera sur une vingtaine de jours, porte sur les dangers de la mer, la pr\u00e9vention des feux de for\u00eats et de r\u00e9coltes, ainsi que les risques li\u00e9s \u00e0 l\u2019envenimation scorpionique et les accidents de la circulation qui connaissent, par ailleurs, des pics en p\u00e9riode estivale. Les citoyens en g\u00e9n\u00e9ral et les enfants en particulier b\u00e9n\u00e9ficieront \u00e0 cet effet de \u00ab toutes \u00bb les informations n\u00e9cessaires quant \u00e0 la r\u00e9duction des risques li\u00e9s \u00e0 la saison estivale, notamment les dangers de la mer et des r\u00e9serves d\u2019eau, et, par voie de cons\u00e9quence, \u00e0 la r\u00e9duction des pertes en vies humaines qui se chiffrent en dizaines chaque ann\u00e9e, et ce, par le respect strict des consignes de pr\u00e9vention et l\u2019apprentissage des gestes de premiers secours.<\/p>\n<p>S. A. M.<\/p>\n<\/div>\n<p>Auteur: elmoudjahid<br \/>\n<a href=\"http:\/\/www.elmoudjahid.com\/fr\/actualites\/134887\">Cliquez ici pour lire l&rsquo;article depuis sa source.<\/a><\/p>\n","protected":false},"excerpt":{"rendered":"<p>En pr\u00e9vision de la prochaine saison estivale, les services de la Protection civile s\u2019attellent \u00e0 r\u00e9unir les conditions id\u00e9ales pour pallier les risques d\u2019incendies de for\u00eat et de noyade. Pour ce faire, la DGPC a organis\u00e9, hier, \u00e0 Bouira, le 1er regroupement r\u00e9gional des directeurs de la protection civile des 24 wilayas du Centre et [&hellip;]<\/p>\n","protected":false},"author":1744,"featured_media":0,"comment_status":"closed","ping_status":"closed","sticky":false,"template":"","format":"standard","meta":{"fifu_image_url":"","fifu_image_alt":"","footnotes":""},"categories":[73,53],"tags":[],"class_list":["post-22558","post","type-post","status-publish","format-standard","hentry","category-actualite","category-algerie"],"_links":{"self":[{"href":"https:\/\/linitiative.ca\/International\/wp-json\/wp\/v2\/posts\/22558","targetHints":{"allow":["GET"]}}],"collection":[{"href":"https:\/\/linitiative.ca\/International\/wp-json\/wp\/v2\/posts"}],"about":[{"href":"https:\/\/linitiative.ca\/International\/wp-json\/wp\/v2\/types\/post"}],"author":[{"embeddable":true,"href":"https:\/\/linitiative.ca\/International\/wp-json\/wp\/v2\/users\/1744"}],"replies":[{"embeddable":true,"href":"https:\/\/linitiative.ca\/International\/wp-json\/wp\/v2\/comments?post=22558"}],"version-history":[{"count":0,"href":"https:\/\/linitiative.ca\/International\/wp-json\/wp\/v2\/posts\/22558\/revisions"}],"wp:attachment":[{"href":"https:\/\/linitiative.ca\/International\/wp-json\/wp\/v2\/media?parent=22558"}],"wp:term":[{"taxonomy":"category","embeddable":true,"href":"https:\/\/linitiative.ca\/International\/wp-json\/wp\/v2\/categories?post=22558"},{"taxonomy":"post_tag","embeddable":true,"href":"https:\/\/linitiative.ca\/International\/wp-json\/wp\/v2\/tags?post=22558"}],"curies":[{"name":"wp","href":"https:\/\/api.w.org\/{rel}","templated":true}]}}