{"id":22560,"date":"2019-03-17T19:00:00","date_gmt":"2019-03-17T23:00:00","guid":{"rendered":"https:\/\/linitiative.ca\/International\/les-23-pour-la-can-connus-apres-la-gambie-et-la-tunisie\/"},"modified":"2019-03-17T19:00:00","modified_gmt":"2019-03-17T23:00:00","slug":"les-23-pour-la-can-connus-apres-la-gambie-et-la-tunisie","status":"publish","type":"post","link":"https:\/\/linitiative.ca\/International\/les-23-pour-la-can-connus-apres-la-gambie-et-la-tunisie\/","title":{"rendered":"\u00ab Les 23 pour la CAN,  connus apr\u00e8s la Gambie et la Tunisie \u00bb"},"content":{"rendered":"<p>Le s\u00e9lectionneur national de football a tenu, hier matin, au Centre technique de Sidi Moussa, une conf\u00e9rence de presse.\u00a0<\/p>\n<div readability=\"118\">\n<p>Lors de cette rencontre avec les m\u00e9dias, qui intervient \u00e0 la veille du regroupement des Verts et leurs prochaines rencontres face \u00e0 la Gambie et \u00e0 la Tunisie, pr\u00e9vues respectivement les 22 et 26 mars \u00e0 20h45, \u00e0 Tchaker, Djamel Belmadi a d\u2019embl\u00e9e pr\u00e9cis\u00e9 les motivations et les raisons ayant orient\u00e9 son choix pour la liste des 26 joueurs convoqu\u00e9 pour ces deux rendez-vous. \u00abC&rsquo;est l&rsquo;occasion pour moi de voir d&rsquo;autres joueurs \u00e0 l&rsquo;\u0153uvre.\u00a0<\/p>\n<p>C&rsquo;est la seule possibilit\u00e9 me permettant de trancher avant de donner la liste des 23 \u00e9l\u00e9ments pour la CAN-2019. Ainsi, les 26 pr\u00e9sents auront un temps de jeu important. C&rsquo;est mon v\u00e9ritable objectif. On devrait donc avoir deux \u00e9quipes diff\u00e9rentes pour chaque match\u00bb, a-t-il soulign\u00e9, avant de poursuivre : \u00abIl y a aussi des joueurs qui r\u00e9alisent une bonne saison et que j&rsquo;ai rappel\u00e9s pour voir leur niveau actuel ; s&rsquo;il faut les essayer dans un autre registre et si je pourrais \u00e9ventuellement compter sur eux pour le rendez-vous continental. Je citerais Derfalou, que j&rsquo;ai d\u00e9couvert lorsqu&rsquo;il \u00e9voluait \u00e0 l&rsquo;USMA.\u00a0<\/p>\n<p>Aujourd&rsquo;hui, il joue dans le championnat hollandais, qui est plus exigeant. Je veux avoir une id\u00e9e sur sa progression. Il y a aussi Mandi. Il est excellent au Betis, o\u00f9 il \u00e9volue dans une charni\u00e8re centrale \u00e0 trois. En \u00e9quipe nationale, je me retrouve face \u00e0 un dilemme : faut-il adapter le syst\u00e8me en fonction des qualit\u00e9s et des capacit\u00e9s du joueur ou bien faut-il lui donner un autre r\u00f4le ? Quoi qu&rsquo;il en soit, je doit toujours penser \u00e0 l&rsquo;int\u00e9r\u00eat de l&rsquo;\u00e9quipe.\u00a0<\/p>\n<p>La d\u00e9fection de Chita nous contraint de superviser d&rsquo;autres joueurs, \u00e0 l&rsquo;image de Leekhal, Boudaoui ou encore Taider, que j&rsquo;aimerais voir \u00e0 son niveau.\u00a0<\/p>\n<p>On a aussi Bennaceur, pour qui j&rsquo;ai un r\u00f4le autre que celui qu&rsquo;on lui confie dans son club. D&rsquo;autre part, il y a des joueurs qu&rsquo;on a pu voir face au Qatar dans une confrontation sans r\u00e9el enjeu. Face \u00e0 la Gambie et \u00e0 la Tunisie, nous allons les tester dans des conditions diff\u00e9rentes. Je peux vous dire, \u00e0 ce registre, que face au Qatar, j&rsquo;ai pris beaucoup de plaisir \u00e0 voir jouer certains jeunes. Ils savaient qu&rsquo;il devaient saisir leur chance pour aller \u00e0 la CAN. Certains on r\u00e9ellement confirm\u00e9 le bien que le staff pensait d&rsquo;eux, alors que les plus anciens, comme Belaili, Bounedjah et Zeghba, ont prouv\u00e9 qu&rsquo;ils avaient le niveau pour \u00eatre en \u00e9quipe premi\u00e8re.\u00bb\u00a0<\/p>\n<p>Par ailleurs, le coach national est revenu sur la non-convocation de certains cadres, \u00e0 l&rsquo;image de Brahimi ou encore Slimani.<\/p>\n<p>\u00a0\u00abLa non-convocation de Brahimi, pour la 4e fois, est un non-\u00e9v\u00e9nement. C&rsquo;est fait en accord avec lui. Il a connu une saison \u00e9prouvante. Il n&rsquo;\u00e9tait pas non plus pr\u00e9vu que je convoque M&rsquo;Bolhi, qui par la suite a \u00e9t\u00e9 victime d&rsquo;une blessure.\u00a0<\/p>\n<p>Comme je l&rsquo;ai d\u00e9j\u00e0 dit, j&rsquo;avais besoin de voir de nouveaux \u00e9l\u00e9ments \u00e0 certains postes. C&rsquo;est aussi le cas pour Bentaleb et Slimani. Je veux des joueurs comp\u00e9titifs qui jouent r\u00e9guli\u00e8rement en club. \u00c0 propos de Hani et de Ferhat, je dirai tout simplement que la concurrence est rude, notamment pour certains postes. Je ne peux pas prendre trois ou quatre joueurs pour un seul poste. Il faut parfois faire des choix. Hani \u00e9volue dans une position un peu sp\u00e9ciale.\u00a0 Il faudrait que j&rsquo;adapte jeu de l&rsquo;\u00e9quipe \u00e0 lui. Je voulait le joueur face au Togo, d\u00e9j\u00e0, mais il n&rsquo;a pas fait preuve d&rsquo;assez de compr\u00e9hension \u00e0 ce moment- l\u00e0. Je n&rsquo;en dirai pas plus, mais je ne lui en veut pas. Pour ce qui est de Ghoulam, le joueur lui-m\u00eame est conscient de l&rsquo;\u00e9tat de sa forme et qu&rsquo;il risque de ne pas \u00eatre pr\u00eat pour la CAN. Il a d&rsquo;ailleurs pr\u00e9vu de suivre un programme sp\u00e9cial de pr\u00e9paration physique pour retrouver son niveau\u00bb, a indiqu\u00e9 Belmadi, pr\u00e9cisant toutefois : \u00abLes deux matchs face \u00e0 la Gambie et \u00e0 la Tunisie seront d\u00e9cisifs pour le choix des \u00e9l\u00e9ments \u00e0 retenir dans la liste des 23 pour la CAN, m\u00eame si l\u2019on va continuer \u00e0 observer et \u00e0 suivre les joueurs susceptibles d&rsquo;\u00eatre convoqu\u00e9s, jusqu&rsquo;\u00e0 la fin de la saison. On verra \u00e0 la CAN des joueurs comp\u00e9titifs et sans doute les plus exp\u00e9riment\u00e9s. D&rsquo;ailleurs, \u00e7a pourrait \u00eatre les m\u00eames.\u00a0<\/p>\n<p>Je voudrais par ailleurs ouvrir une parenth\u00e8se pour parler de deux joueurs d&rsquo;origine alg\u00e9rienne retenus en s\u00e9lection fran\u00e7aise olympique et de tout ce qui se dit dans les m\u00e9dias \u00e0 leur propos. Je n&rsquo;ai parl\u00e9 qu&rsquo;une seule fois d&rsquo;Aouar, et depuis c&rsquo;est devenu un feuilleton. J&rsquo;ai dit que c&rsquo;est un joueur qui m&rsquo;int\u00e9resse, en effet, mais son cas est particulier. Il joue actuellement en \u00e9quipe de France espoir.\u00a0<\/p>\n<p>La diff\u00e9rence entre Aouar et les joueurs pr\u00e9c\u00e9dents, \u00e0 l&rsquo;image de Meghni, Brahimi ou encore Yebda, et qu&rsquo;au moment o\u00f9 l&rsquo;EN leur a fait appel, ils n&rsquo;\u00e9taient plus en \u00e9quipe de France. De plus, il joue \u00e0 Lyon, et tout le monde conna\u00eet l&rsquo;influence du pr\u00e9sident Aulas sur le football fran\u00e7ais.<\/p>\n<p>\u00a0Pour Maxime Lopez, demandez \u00e0 mon staff, si j&rsquo;ai d\u00e9j\u00e0 cit\u00e9 ce joueur. Il n&rsquo;a jamais \u00e9t\u00e9 question de faire appel \u00e0 lui. D&rsquo;autant plus qu&rsquo;il est avec l\u2019\u00e9quipe de France espoir. Aussi, il joue dans un club que je connais parfaitement et o\u00f9 il n&rsquo;est pas facile d&rsquo;\u00e9voluer. Alors, arr\u00eatons un peu les mensonges.\u00bb<\/p>\n<p>En conclusion, le s\u00e9lectionneur national est revenu sur les manifestations en Alg\u00e9rie : \u00abJe pense comme tout le monde que les revendications du peuple doivent \u00eatre entendues, \u00e0 pr\u00e9sent. Aussi, je suis heureux du caract\u00e8re pacifiste et du degr\u00e9 d&rsquo;organisation dans lesquels se sont d\u00e9roul\u00e9es ses marches.\u00bb<\/p>\n<p>Redha M.<\/p>\n<\/div>\n<p>Auteur: elmoudjahid<br \/>\n<a href=\"http:\/\/www.elmoudjahid.com\/fr\/actualites\/134889\">Cliquez ici pour lire l&rsquo;article depuis sa source.<\/a><\/p>\n","protected":false},"excerpt":{"rendered":"<p>Le s\u00e9lectionneur national de football a tenu, hier matin, au Centre technique de Sidi Moussa, une conf\u00e9rence de presse.\u00a0 Lors de cette rencontre avec les m\u00e9dias, qui intervient \u00e0 la veille du regroupement des Verts et leurs prochaines rencontres face \u00e0 la Gambie et \u00e0 la Tunisie, pr\u00e9vues respectivement les 22 et 26 mars \u00e0 [&hellip;]<\/p>\n","protected":false},"author":1744,"featured_media":0,"comment_status":"closed","ping_status":"closed","sticky":false,"template":"","format":"standard","meta":{"fifu_image_url":"","fifu_image_alt":"","footnotes":""},"categories":[73,53],"tags":[],"class_list":["post-22560","post","type-post","status-publish","format-standard","hentry","category-actualite","category-algerie"],"_links":{"self":[{"href":"https:\/\/linitiative.ca\/International\/wp-json\/wp\/v2\/posts\/22560","targetHints":{"allow":["GET"]}}],"collection":[{"href":"https:\/\/linitiative.ca\/International\/wp-json\/wp\/v2\/posts"}],"about":[{"href":"https:\/\/linitiative.ca\/International\/wp-json\/wp\/v2\/types\/post"}],"author":[{"embeddable":true,"href":"https:\/\/linitiative.ca\/International\/wp-json\/wp\/v2\/users\/1744"}],"replies":[{"embeddable":true,"href":"https:\/\/linitiative.ca\/International\/wp-json\/wp\/v2\/comments?post=22560"}],"version-history":[{"count":0,"href":"https:\/\/linitiative.ca\/International\/wp-json\/wp\/v2\/posts\/22560\/revisions"}],"wp:attachment":[{"href":"https:\/\/linitiative.ca\/International\/wp-json\/wp\/v2\/media?parent=22560"}],"wp:term":[{"taxonomy":"category","embeddable":true,"href":"https:\/\/linitiative.ca\/International\/wp-json\/wp\/v2\/categories?post=22560"},{"taxonomy":"post_tag","embeddable":true,"href":"https:\/\/linitiative.ca\/International\/wp-json\/wp\/v2\/tags?post=22560"}],"curies":[{"name":"wp","href":"https:\/\/api.w.org\/{rel}","templated":true}]}}