{"id":22561,"date":"2019-03-17T19:00:00","date_gmt":"2019-03-17T23:00:00","guid":{"rendered":"https:\/\/linitiative.ca\/International\/dans-la-lucarne-la-fifa-impatiente\/"},"modified":"2019-03-17T19:00:00","modified_gmt":"2019-03-17T23:00:00","slug":"dans-la-lucarne-la-fifa-impatiente","status":"publish","type":"post","link":"https:\/\/linitiative.ca\/International\/dans-la-lucarne-la-fifa-impatiente\/","title":{"rendered":"Dans la LUCARNE : La FIFA impatiente"},"content":{"rendered":"<p>Les observateurs avaient, le moins que l\u2019on puisse dire, les esprits ainsi que les regards braqu\u00e9s sur la ville am\u00e9ricaine de la Floride, Miami, lors de l\u2019important conclave du Conseil ex\u00e9cutif de la FIFA. C\u2019est historique que ce rendez-vous ait lieu dans cette ville touristique, surtout apr\u00e8s les scandales de la FIFA o\u00f9 plusieurs personnalit\u00e9s sportives ont \u00e9t\u00e9 jug\u00e9es et dont certaines ont \u00e9t\u00e9 mises en prison. Ceci dit, cette halte am\u00e9ricaine de la FIFA avait eu \u00e0 traiter \u00e9norm\u00e9ment de points touchant le football au niveau mondial. On sait que depuis l\u2019arriv\u00e9e \u00e0 la t\u00eate de la FIFA de l\u2019italo-suisse Gianni Infantino, beaucoup de choses sont en train de changer. En venant \u00e0 la place du suisse Blatter, il veut un peu r\u00e9nover ce jeu aim\u00e9 par tous. Il est vrai que tout le monde aurait aim\u00e9 voir son pays se qualifier pour ce rendez-vous plan\u00e9taire. C\u2019est vrai aussi qu\u2019on avait d\u00e9j\u00e0 fait un pas des plus importants depuis la venue d\u2019Infantino. Les 32 \u00e9quipes appel\u00e9es \u00e0 animer un mondial ne sont plus suffisants en ces temps-ci, eu \u00e9gard \u00e0 la grande volont\u00e9 des autres nations d\u2019en faire partie afin de ne plus se contenter de suivre les 64 matches comme il est le cas actuellement \u00e0 la t\u00e9l\u00e9vision. Ne pas prendre part \u00e0 un mondial, c\u2019est vraiment frustrant pour un pays donn\u00e9. On avait vu comment les supporters alg\u00e9riens \u00e9taient tristes de ne pas voir notre \u00e9quipe nationale participer au Mondial russe o\u00f9 l\u2019on pouvait r\u00e9ellement r\u00e9ussir quelque chose de probant. Face \u00e0 cette demande manifeste de plus de 200 f\u00e9d\u00e9rations internationales de faire partie du ghota mondial, il avait \u00e9t\u00e9 question lors du dernier congr\u00e8s de la FIFA, qui a eu lieu en Russie, de porter le nombre de pays de 32 \u00e0 48 lors du mondial organis\u00e9 conjointement par trois pays qui sont les USA, le Mexique et le Canada. Le Qatar devait organis\u00e9 le mondial avec seulement 32 pays du fait que le moindre changement verrait des changements en cha\u00eene. C&rsquo;est-\u00e0-dire si l\u2019on change le nombre de clubs de 32 \u00e0 48, celui des matches passerait de 64 \u00e0 80. Ce qui est \u00e9norme. \u00ab Le Conseil de la Fifa, r\u00e9uni \u00e0 Miami, a recommand\u00e9 de porter de 32 \u00e0 48 le nombre d&rsquo;\u00e9quipes qui participeront au\u00a0 \u00a0Mondial-2022 au Qatar et une d\u00e9cision finale sera prise en juin au Congr\u00e8s de l&rsquo;instance \u00e0 Paris\u00bb, a annonc\u00e9 son pr\u00e9sident Gianni Infantino.\u00a0 \u00abCe nouveau format qui implique de passer de 64 \u00e0 80 matches \u00e9tait pr\u00e9vu seulement \u00e0 partir du Mondial-2026 et n\u00e9cessitera qu&rsquo;un pays voisin du\u00a0 \u00a0Qatar accueille des matches \u00bb.\u00a0<\/p>\n<p>Ce que l\u2019on constate c\u2019est que la FIFA n\u2019a pas voulu attendre jusqu\u2019en 2026. Elle le veut tout de suite. Car, on ne sait pas ce qui pourrait se passer d\u2019ici l\u00e0.\u00a0 En tout cas, le conseil de la FIFA, r\u00e9uni \u00e0 Miami, avait parvenu \u00e0 la recommandation de faire passer le nombre de pays participants \u00e0 un mondial de 32 \u00e0 48 au Qatar. C&rsquo;est-\u00e0-dire d\u00e8s 2022\u00bb.\u00a0<\/p>\n<p>On a comme l\u2019impression que la FIFA est press\u00e9e pour en finir avec ce dossier. Toutefois, la d\u00e9cision finale ne sera prise que lors du congr\u00e8s de la FIFA qui aura lieu en juin prochain \u00e0 Paris. C\u2019est vraiment du s\u00e9rieux, surtout que les qataris montrent un certain empressement pour accueillir les 48 meilleures nations de football pour le mondial qui aura lieu dans l\u2019Emirat. Ce serait une chance inou\u00efe pour notre s\u00e9lection nationale. Elle ne doit pas rater une telle aubaine. Tout peut lui sourire pour peu qu\u2019on s\u2019y pr\u00e9pare en cons\u00e9quence !<\/p>\n<p><strong>\u00a0Hamid Gharbi<\/strong><\/p>\n<p>Auteur: elmoudjahid<br \/>\n<a href=\"http:\/\/www.elmoudjahid.com\/fr\/actualites\/134890\">Cliquez ici pour lire l&rsquo;article depuis sa source.<\/a><\/p>\n","protected":false},"excerpt":{"rendered":"<p>Les observateurs avaient, le moins que l\u2019on puisse dire, les esprits ainsi que les regards braqu\u00e9s sur la ville am\u00e9ricaine de la Floride, Miami, lors de l\u2019important conclave du Conseil ex\u00e9cutif de la FIFA. C\u2019est historique que ce rendez-vous ait lieu dans cette ville touristique, surtout apr\u00e8s les scandales de la FIFA o\u00f9 plusieurs personnalit\u00e9s [&hellip;]<\/p>\n","protected":false},"author":1744,"featured_media":0,"comment_status":"closed","ping_status":"closed","sticky":false,"template":"","format":"standard","meta":{"fifu_image_url":"","fifu_image_alt":"","footnotes":""},"categories":[73,53],"tags":[],"class_list":["post-22561","post","type-post","status-publish","format-standard","hentry","category-actualite","category-algerie"],"_links":{"self":[{"href":"https:\/\/linitiative.ca\/International\/wp-json\/wp\/v2\/posts\/22561","targetHints":{"allow":["GET"]}}],"collection":[{"href":"https:\/\/linitiative.ca\/International\/wp-json\/wp\/v2\/posts"}],"about":[{"href":"https:\/\/linitiative.ca\/International\/wp-json\/wp\/v2\/types\/post"}],"author":[{"embeddable":true,"href":"https:\/\/linitiative.ca\/International\/wp-json\/wp\/v2\/users\/1744"}],"replies":[{"embeddable":true,"href":"https:\/\/linitiative.ca\/International\/wp-json\/wp\/v2\/comments?post=22561"}],"version-history":[{"count":0,"href":"https:\/\/linitiative.ca\/International\/wp-json\/wp\/v2\/posts\/22561\/revisions"}],"wp:attachment":[{"href":"https:\/\/linitiative.ca\/International\/wp-json\/wp\/v2\/media?parent=22561"}],"wp:term":[{"taxonomy":"category","embeddable":true,"href":"https:\/\/linitiative.ca\/International\/wp-json\/wp\/v2\/categories?post=22561"},{"taxonomy":"post_tag","embeddable":true,"href":"https:\/\/linitiative.ca\/International\/wp-json\/wp\/v2\/tags?post=22561"}],"curies":[{"name":"wp","href":"https:\/\/api.w.org\/{rel}","templated":true}]}}