{"id":22562,"date":"2019-03-17T19:00:00","date_gmt":"2019-03-17T23:00:00","guid":{"rendered":"https:\/\/linitiative.ca\/International\/m-bedoui-recoit-la-ministre-malienne-des-affaires-etrangeres-parachever-laccord-de-paix\/"},"modified":"2019-03-17T19:00:00","modified_gmt":"2019-03-17T23:00:00","slug":"m-bedoui-recoit-la-ministre-malienne-des-affaires-etrangeres-parachever-laccord-de-paix","status":"publish","type":"post","link":"https:\/\/linitiative.ca\/International\/m-bedoui-recoit-la-ministre-malienne-des-affaires-etrangeres-parachever-laccord-de-paix\/","title":{"rendered":"M. Bedoui re\u00e7oit la ministre malienne  des Affaires \u00e9trang\u00e8res :  Parachever l\u2019accord de paix"},"content":{"rendered":"<p>Le Premier ministre, Noureddine Bedoui, a re\u00e7u,\u00a0 \u00a0hier, la ministre malienne des Affaires \u00e9trang\u00e8res et de la Coop\u00e9ration\u00a0 \u00a0internationale, Kamissa Camara, qui effectue une visite officielle en Alg\u00e9rie, dans le cadre des rencontres p\u00e9riodiques de concertation, de\u00a0 \u00a0dialogue et de bon voisinage qu&rsquo;entretiennent les deux pays, indiquent les\u00a0 \u00a0services du Premier minist\u00e8re, dans un communiqu\u00e9.\u00a0\u00a0<\/p>\n<p>L&rsquo;audience s&rsquo;est d\u00e9roul\u00e9e en pr\u00e9sence du vice-Premier ministre, ministre des Affaires \u00e9trang\u00e8res, Ramtane Lamamra, ajoute la m\u00eame source.\u00a0<\/p>\n<p>La ministre malienne a mis en avant les efforts de l&rsquo;Alg\u00e9rie en vue de parachever la mise en \u0153uvre de l&rsquo;accord de paix et de r\u00e9conciliation au Mali, issu de processus d&rsquo;Alger.\u00a0 \u00abNous avons discut\u00e9 des relations bilat\u00e9rales et de tous les efforts que l&rsquo;Alg\u00e9rie a fournis et continue de fournir pour aider le Mali \u00e0 parachever la mise en \u0153uvre de l&rsquo;accord de paix et de r\u00e9conciliation au Mali, issu de processus d&rsquo;Alger\u00bb, a-t-elle d\u00e9clar\u00e9, au terme de ses entretiens avec M. Lamamra. Pour la chef de la diplomatie malienne, les deux pays partagent des\u00a0 \u00a0relations \u00abhistoriques, familiales et fraternelles\u00bb, ajoutant que \u00abnous devons \u00e9valuer le pr\u00e9sent et \u00e9galement parler de l&rsquo;avenir ensemble\u00bb, en \u00e9voquant tous les aspects de la coop\u00e9ration entre les deux pays.\u00a0 \u00a0Pour sa part, M. Lamamra a indiqu\u00e9 que l&rsquo;Alg\u00e9rie et le Mali sont li\u00e9s par \u00abun grand destin partag\u00e9, un voisinage qui s&rsquo;est \u00e9tendu sur des si\u00e8cles et une solidarit\u00e9 tr\u00e8s active qui n&rsquo;a jamais fait d\u00e9faut \u00e0 nos deux\u00a0 \u00a0peuples\u00bb.\u00a0<\/p>\n<p>Il a soulign\u00e9, dans ce sillage, la qualit\u00e9 \u00abtr\u00e8s particuli\u00e8re\u00bb dans la\u00a0 \u00a0relation entre les dirigeants des deux pays, pr\u00e9cisant que les pr\u00e9sidents Abdelaziz Bouteflika et Ibrahim Boubacar Ke\u00efta \u00absont tr\u00e8s proches et partagent un engagement pour le panafricanisme et une vision de la relation entre les peuples africains et le destin de nos deux nations\u00bb. M. Lamamra a \u00e9voqu\u00e9 les diff\u00e9rents m\u00e9canismes existants entre les deux pays, \u00e0 savoir la grande commission mixte co-pr\u00e9sid\u00e9e par les deux Premiers ministres, un comit\u00e9 frontalier co-pr\u00e9sid\u00e9 par les deux ministres de l&rsquo;Int\u00e9rieur et un comit\u00e9 strat\u00e9gique bilat\u00e9ral qui constitue \u00abla tour de\u00a0 \u00a0contr\u00f4le\u00bb de ces relations, avec \u00abune vision aussi large que possible pour\u00a0 \u00a0des perspectives non seulement de coop\u00e9ration, mais aussi de contribution \u00e0 une v\u00e9ritable int\u00e9gration sous-r\u00e9gionale\u00bb. M. Lamamra a indiqu\u00e9, par ailleurs, que les chefs d&rsquo;\u00c9tat et de gouvernement en Afrique attachent l&rsquo;importance pour que la jeunesse \u00absoit v\u00e9ritablement un acteur cl\u00e9 et privil\u00e9gi\u00e9 du d\u00e9veloppement durable\u00bb, soutenant que \u00abc&rsquo;est pour la jeunesse que nous travaillons\u00bb.<\/p>\n<p>Auteur: elmoudjahid<br \/>\n<a href=\"http:\/\/www.elmoudjahid.com\/fr\/actualites\/134891\">Cliquez ici pour lire l&rsquo;article depuis sa source.<\/a><\/p>\n","protected":false},"excerpt":{"rendered":"<p>Le Premier ministre, Noureddine Bedoui, a re\u00e7u,\u00a0 \u00a0hier, la ministre malienne des Affaires \u00e9trang\u00e8res et de la Coop\u00e9ration\u00a0 \u00a0internationale, Kamissa Camara, qui effectue une visite officielle en Alg\u00e9rie, dans le cadre des rencontres p\u00e9riodiques de concertation, de\u00a0 \u00a0dialogue et de bon voisinage qu&rsquo;entretiennent les deux pays, indiquent les\u00a0 \u00a0services du Premier minist\u00e8re, dans un communiqu\u00e9.\u00a0\u00a0 [&hellip;]<\/p>\n","protected":false},"author":1744,"featured_media":0,"comment_status":"closed","ping_status":"closed","sticky":false,"template":"","format":"standard","meta":{"fifu_image_url":"","fifu_image_alt":"","footnotes":""},"categories":[73,53],"tags":[],"class_list":["post-22562","post","type-post","status-publish","format-standard","hentry","category-actualite","category-algerie"],"_links":{"self":[{"href":"https:\/\/linitiative.ca\/International\/wp-json\/wp\/v2\/posts\/22562","targetHints":{"allow":["GET"]}}],"collection":[{"href":"https:\/\/linitiative.ca\/International\/wp-json\/wp\/v2\/posts"}],"about":[{"href":"https:\/\/linitiative.ca\/International\/wp-json\/wp\/v2\/types\/post"}],"author":[{"embeddable":true,"href":"https:\/\/linitiative.ca\/International\/wp-json\/wp\/v2\/users\/1744"}],"replies":[{"embeddable":true,"href":"https:\/\/linitiative.ca\/International\/wp-json\/wp\/v2\/comments?post=22562"}],"version-history":[{"count":0,"href":"https:\/\/linitiative.ca\/International\/wp-json\/wp\/v2\/posts\/22562\/revisions"}],"wp:attachment":[{"href":"https:\/\/linitiative.ca\/International\/wp-json\/wp\/v2\/media?parent=22562"}],"wp:term":[{"taxonomy":"category","embeddable":true,"href":"https:\/\/linitiative.ca\/International\/wp-json\/wp\/v2\/categories?post=22562"},{"taxonomy":"post_tag","embeddable":true,"href":"https:\/\/linitiative.ca\/International\/wp-json\/wp\/v2\/tags?post=22562"}],"curies":[{"name":"wp","href":"https:\/\/api.w.org\/{rel}","templated":true}]}}