{"id":22563,"date":"2019-03-17T19:00:00","date_gmt":"2019-03-17T23:00:00","guid":{"rendered":"https:\/\/linitiative.ca\/International\/m-gaid-salah-en-visite-dinspection-a-la-3e-region-militaire\/"},"modified":"2019-03-17T19:00:00","modified_gmt":"2019-03-17T23:00:00","slug":"m-gaid-salah-en-visite-dinspection-a-la-3e-region-militaire","status":"publish","type":"post","link":"https:\/\/linitiative.ca\/International\/m-gaid-salah-en-visite-dinspection-a-la-3e-region-militaire\/","title":{"rendered":"M. Ga\u00efd Salah en visite d\u2019inspection \u00e0 la 3e R\u00e9gion militaire"},"content":{"rendered":"<div class=\"TxArtcile\" readability=\"20\">\n<div class=\"ImgCapt\"><img loading=\"lazy\" decoding=\"async\" width=\"208\" height=\"208\" src=\"http:\/\/www.elmoudjahid.com\/temp\/fr\/actualite2[134892].jpg\" alt=\"\" \/><span>D.R<\/span><\/div>\n<p>Le g\u00e9n\u00e9ral de Corps d\u2019Arm\u00e9e, Ahmed Ga\u00efd Salah,\u00a0 \u00a0vice-ministre de la D\u00e9fense nationale, Chef d\u2019\u00c9tat-major de l\u2019Arm\u00e9e nationale populaire (ANP), effectuera, du 18 au 21 mars, une visite de travail et d\u2019inspection \u00e0 la 3e R\u00e9gion militaire \u00e0 B\u00e9char, indique\u00a0 le minist\u00e8re de la D\u00e9fense nationale, dans un communiqu\u00e9.\u00a0 Lors de cette visite, il supervisera un exercice de d\u00e9monstration visant \u00e0 contr\u00f4ler la premi\u00e8re \u00e9tape de la pr\u00e9paration au combat, proc\u00e8dera \u00e0 l\u2019inspection de certaines unit\u00e9s et tiendra des r\u00e9unions d\u2019orientation avec les cadres et les personnels de la 3e R\u00e9gion militaire.<\/p>\n<\/div>\n<div class=\"ModliArtilUne\">\n<ul>\n<li><strong>Publi\u00e9 dans :<\/strong><\/li>\n<\/ul>\n<\/div>\n<div class=\"MbComIns\" id=\"newcom\" readability=\"5.69402985075\">\n<h6>DONNEZ VOTRE AVIS<\/h6>\n<p>Il n&rsquo;y a actuellement aucune r\u00e9action \u00e0 cette information. Soyez le premier \u00e0 r\u00e9agir !<\/p>\n<p><a href=\"\" rel=\"#popup\" class=\"login resetbutton\">Identifiez-vous<\/a><a class=\"button\" href=\"http:\/\/www.elmoudjahid.com\/fr\/inscription\/\"><span>S&rsquo;inscrire<\/span><\/a><\/p>\n<\/div>\n<p>Auteur: elmoudjahid<br \/>\n<a href=\"http:\/\/www.elmoudjahid.com\/fr\/actualites\/134892\">Cliquez ici pour lire l&rsquo;article depuis sa source.<\/a><\/p>\n","protected":false},"excerpt":{"rendered":"<p>D.R Le g\u00e9n\u00e9ral de Corps d\u2019Arm\u00e9e, Ahmed Ga\u00efd Salah,\u00a0 \u00a0vice-ministre de la D\u00e9fense nationale, Chef d\u2019\u00c9tat-major de l\u2019Arm\u00e9e nationale populaire (ANP), effectuera, du 18 au 21 mars, une visite de travail et d\u2019inspection \u00e0 la 3e R\u00e9gion militaire \u00e0 B\u00e9char, indique\u00a0 le minist\u00e8re de la D\u00e9fense nationale, dans un communiqu\u00e9.\u00a0 Lors de cette visite, il [&hellip;]<\/p>\n","protected":false},"author":1744,"featured_media":22564,"comment_status":"closed","ping_status":"closed","sticky":false,"template":"","format":"standard","meta":{"fifu_image_url":"","fifu_image_alt":"","footnotes":""},"categories":[73,53],"tags":[],"class_list":["post-22563","post","type-post","status-publish","format-standard","has-post-thumbnail","hentry","category-actualite","category-algerie"],"_links":{"self":[{"href":"https:\/\/linitiative.ca\/International\/wp-json\/wp\/v2\/posts\/22563","targetHints":{"allow":["GET"]}}],"collection":[{"href":"https:\/\/linitiative.ca\/International\/wp-json\/wp\/v2\/posts"}],"about":[{"href":"https:\/\/linitiative.ca\/International\/wp-json\/wp\/v2\/types\/post"}],"author":[{"embeddable":true,"href":"https:\/\/linitiative.ca\/International\/wp-json\/wp\/v2\/users\/1744"}],"replies":[{"embeddable":true,"href":"https:\/\/linitiative.ca\/International\/wp-json\/wp\/v2\/comments?post=22563"}],"version-history":[{"count":0,"href":"https:\/\/linitiative.ca\/International\/wp-json\/wp\/v2\/posts\/22563\/revisions"}],"wp:featuredmedia":[{"embeddable":true,"href":"https:\/\/linitiative.ca\/International\/wp-json\/"}],"wp:attachment":[{"href":"https:\/\/linitiative.ca\/International\/wp-json\/wp\/v2\/media?parent=22563"}],"wp:term":[{"taxonomy":"category","embeddable":true,"href":"https:\/\/linitiative.ca\/International\/wp-json\/wp\/v2\/categories?post=22563"},{"taxonomy":"post_tag","embeddable":true,"href":"https:\/\/linitiative.ca\/International\/wp-json\/wp\/v2\/tags?post=22563"}],"curies":[{"name":"wp","href":"https:\/\/api.w.org\/{rel}","templated":true}]}}