{"id":22565,"date":"2019-03-17T19:00:00","date_gmt":"2019-03-17T23:00:00","guid":{"rendered":"https:\/\/linitiative.ca\/International\/touareg-rallye-2019-coup-denvoi-de-la-premiere-etape-a-taghit\/"},"modified":"2019-03-17T19:00:00","modified_gmt":"2019-03-17T23:00:00","slug":"touareg-rallye-2019-coup-denvoi-de-la-premiere-etape-a-taghit","status":"publish","type":"post","link":"https:\/\/linitiative.ca\/International\/touareg-rallye-2019-coup-denvoi-de-la-premiere-etape-a-taghit\/","title":{"rendered":"\u00ab Touareg  Rallye 2019 \u00bb  :  Coup d\u2019envoi de la premi\u00e8re \u00e9tape \u00e0 Taghit"},"content":{"rendered":"<p>C&rsquo;est \u00e0 10h30 qu&rsquo;a \u00e9t\u00e9 donn\u00e9, hier, en pr\u00e9sence des autorit\u00e9s locales, le coup d\u2019envoi de la premi\u00e8re \u00e9tape du Touareg Rallye 2019, \u00e0 quelques encablures de la mythique ville de Taghit, dans la Saoura. D\u00e9termin\u00e9s, les 250 participants de 25 nationalit\u00e9s diff\u00e9rentes se sont rassembl\u00e9s derri\u00e8re la ligne de d\u00e9part, pour une course palpitante et originale. En effet, cet \u00e9v\u00e9nement est plus que singulier, tant il rassemble les f\u00e9rus de sports m\u00e9caniques toutes cat\u00e9gories confondues (4&#215;4, SSV, motos et camions). Cela en plus des amoureux du d\u00e9sert. \u00c0 cet \u00e9gard, il convient de souligner que la premi\u00e8re \u00e9tape de la comp\u00e9tition est un circuit en boucle de 180 km, dont 50 km exclusivement sur les dunes du grand erg occidental.\u00a0<\/p>\n<p>Tout au long de ce parcours bord\u00e9 de collines d\u00e9sertiques rocheuses et de dunes dor\u00e9es, o\u00f9 de majestueux palmiers se dressent fi\u00e8rement, la langue n\u2019a aucunement constitu\u00e9 une barri\u00e8re.\u00a0<\/p>\n<p>\u00c0 ce titre, nous avons constat\u00e9 que certains participants qui ont rencontr\u00e9 des probl\u00e8mes techniques, en cours d\u2019\u00e9tape, ont \u00e9t\u00e9 tr\u00e8s rapidement pris en charge par la population locale. D\u2019autre part, \u00e9bahis par l\u2019apparition furtive de dromadaires, d\u2019autres participants prenaient leur temps, car, pour ces derniers, il s\u2019agissait plus d\u2019observer les paysages \u00e9poustouflants, que de revenir \u00e0 la maison avec une victoire en poche.<\/p>\n<p>\u00c0 cette occasion, le jeune comp\u00e9titeur belge Lucas, qui se d\u00e9crit comme \u00e9tant un globe-trotter, nous a confi\u00e9 \u00eatre en Alg\u00e9rie pour la premi\u00e8re fois. \u00c0 cet effet, il a tenu \u00e0 louer l\u2019organisation irr\u00e9prochable de l\u2019\u00e9v\u00e9nement, ainsi que la beaut\u00e9 in\u00e9galable de notre pays.\u00a0<\/p>\n<p>Pour que ce grand \u00e9v\u00e9nement international ait pu voir le jour, dans la Saoura, il a fallu, faut-il le rappeler, qu\u2019un important organisateur allemand de rallyes, le \u00abTuareg Tour\u00bb, s\u2019associe \u00e0 deux op\u00e9rateurs priv\u00e9s alg\u00e9riens, AMA Events et Mediacorp, pour lancer la premi\u00e8re \u00e9dition du Touareg \u00abRallye Alg\u00e9rie 2019\u00bb. \u00abCette comp\u00e9tition comprendra sept \u00e9tapes, trois se d\u00e9rouleront \u00e0 Taghit et quatre \u00e0 B\u00e9ni-Abb\u00e8s, dans la m\u00eame wilaya\u00bb, c\u2019est ce qu\u2019avaient conjointement affirm\u00e9 Amir Benmamar, d\u2019AMA Events, et ex-pr\u00e9sident par int\u00e9rim de la FASM, et Rainer Autenrieth, coorganisateurs de cet \u00e9v\u00e8nement avec Mediacorp.\u00a0<\/p>\n<p>Auteur: elmoudjahid<br \/>\n<a href=\"http:\/\/www.elmoudjahid.com\/fr\/actualites\/134893\">Cliquez ici pour lire l&rsquo;article depuis sa source.<\/a><\/p>\n","protected":false},"excerpt":{"rendered":"<p>C&rsquo;est \u00e0 10h30 qu&rsquo;a \u00e9t\u00e9 donn\u00e9, hier, en pr\u00e9sence des autorit\u00e9s locales, le coup d\u2019envoi de la premi\u00e8re \u00e9tape du Touareg Rallye 2019, \u00e0 quelques encablures de la mythique ville de Taghit, dans la Saoura. D\u00e9termin\u00e9s, les 250 participants de 25 nationalit\u00e9s diff\u00e9rentes se sont rassembl\u00e9s derri\u00e8re la ligne de d\u00e9part, pour une course palpitante [&hellip;]<\/p>\n","protected":false},"author":1744,"featured_media":0,"comment_status":"closed","ping_status":"closed","sticky":false,"template":"","format":"standard","meta":{"fifu_image_url":"","fifu_image_alt":"","footnotes":""},"categories":[73,53],"tags":[],"class_list":["post-22565","post","type-post","status-publish","format-standard","hentry","category-actualite","category-algerie"],"_links":{"self":[{"href":"https:\/\/linitiative.ca\/International\/wp-json\/wp\/v2\/posts\/22565","targetHints":{"allow":["GET"]}}],"collection":[{"href":"https:\/\/linitiative.ca\/International\/wp-json\/wp\/v2\/posts"}],"about":[{"href":"https:\/\/linitiative.ca\/International\/wp-json\/wp\/v2\/types\/post"}],"author":[{"embeddable":true,"href":"https:\/\/linitiative.ca\/International\/wp-json\/wp\/v2\/users\/1744"}],"replies":[{"embeddable":true,"href":"https:\/\/linitiative.ca\/International\/wp-json\/wp\/v2\/comments?post=22565"}],"version-history":[{"count":0,"href":"https:\/\/linitiative.ca\/International\/wp-json\/wp\/v2\/posts\/22565\/revisions"}],"wp:attachment":[{"href":"https:\/\/linitiative.ca\/International\/wp-json\/wp\/v2\/media?parent=22565"}],"wp:term":[{"taxonomy":"category","embeddable":true,"href":"https:\/\/linitiative.ca\/International\/wp-json\/wp\/v2\/categories?post=22565"},{"taxonomy":"post_tag","embeddable":true,"href":"https:\/\/linitiative.ca\/International\/wp-json\/wp\/v2\/tags?post=22565"}],"curies":[{"name":"wp","href":"https:\/\/api.w.org\/{rel}","templated":true}]}}