{"id":22566,"date":"2019-03-17T19:00:00","date_gmt":"2019-03-17T23:00:00","guid":{"rendered":"https:\/\/linitiative.ca\/International\/pour-la-fete-nationale-de-son-pays-le-president-bouteflika-felicite-son-homologue-irlandais\/"},"modified":"2019-03-17T19:00:00","modified_gmt":"2019-03-17T23:00:00","slug":"pour-la-fete-nationale-de-son-pays-le-president-bouteflika-felicite-son-homologue-irlandais","status":"publish","type":"post","link":"https:\/\/linitiative.ca\/International\/pour-la-fete-nationale-de-son-pays-le-president-bouteflika-felicite-son-homologue-irlandais\/","title":{"rendered":"Pour la f\u00eate  nationale de son pays :  Le pr\u00e9sident  Bouteflika  f\u00e9licite  son homologue  irlandais"},"content":{"rendered":"<div class=\"TxArtcile\" readability=\"22\">\n<div class=\"ImgCapt\"><img loading=\"lazy\" decoding=\"async\" width=\"208\" height=\"208\" src=\"http:\/\/www.elmoudjahid.com\/temp\/fr\/actualite2[134894].jpg\" alt=\"\" \/><span>D.R<\/span><\/div>\n<p>Le Pr\u00e9sident de la R\u00e9publique, Abdelaziz Bouteflika, a adress\u00e9 un message de f\u00e9licitations \u00e0 son homologue de la R\u00e9publique d&rsquo;Irlande, Michael D. Higgins, dans lequel il a r\u00e9affirm\u00e9 son attachement \u00e0 la consolidation des relations d&rsquo;amiti\u00e9 et de coop\u00e9ration entre les deux pays. \u00abLa c\u00e9l\u00e9bration par votre pays de sa f\u00eate nationale m&rsquo;offre l&rsquo;agr\u00e9able opportunit\u00e9 de vous adresser, au nom du peuple et du gouvernement alg\u00e9riens, ainsi qu&rsquo;en mon nom personnel, nos v\u0153ux les plus chaleureux de sant\u00e9 et de bien-\u00eatre pour vous m\u00eame, et de prosp\u00e9rit\u00e9 pour le peuple irlandais ami\u00bb, a indiqu\u00e9 le Pr\u00e9sident Bouteflika, dans son message. \u00abIl me pla\u00eet de saisir cette opportunit\u00e9, pour vous r\u00e9it\u00e9rer mon profond attachement \u00e0 la consolidation des relations d&rsquo;amiti\u00e9 et de coop\u00e9ration existant entre nos deux pays\u00bb, a ajout\u00e9 le Chef de l&rsquo;\u00c9tat.\u00a0<\/p>\n<\/div>\n<div class=\"ModliArtilUne\">\n<ul>\n<li><strong>Publi\u00e9 dans :<\/strong><\/li>\n<\/ul>\n<\/div>\n<div class=\"MbComIns\" id=\"newcom\" readability=\"5.69402985075\">\n<h6>DONNEZ VOTRE AVIS<\/h6>\n<p>Il n&rsquo;y a actuellement aucune r\u00e9action \u00e0 cette information. Soyez le premier \u00e0 r\u00e9agir !<\/p>\n<p><a href=\"\" rel=\"#popup\" class=\"login resetbutton\">Identifiez-vous<\/a><a class=\"button\" href=\"http:\/\/www.elmoudjahid.com\/fr\/inscription\/\"><span>S&rsquo;inscrire<\/span><\/a><\/p>\n<\/div>\n<p>Auteur: elmoudjahid<br \/>\n<a href=\"http:\/\/www.elmoudjahid.com\/fr\/actualites\/134894\">Cliquez ici pour lire l&rsquo;article depuis sa source.<\/a><\/p>\n","protected":false},"excerpt":{"rendered":"<p>D.R Le Pr\u00e9sident de la R\u00e9publique, Abdelaziz Bouteflika, a adress\u00e9 un message de f\u00e9licitations \u00e0 son homologue de la R\u00e9publique d&rsquo;Irlande, Michael D. Higgins, dans lequel il a r\u00e9affirm\u00e9 son attachement \u00e0 la consolidation des relations d&rsquo;amiti\u00e9 et de coop\u00e9ration entre les deux pays. \u00abLa c\u00e9l\u00e9bration par votre pays de sa f\u00eate nationale m&rsquo;offre l&rsquo;agr\u00e9able [&hellip;]<\/p>\n","protected":false},"author":1744,"featured_media":22567,"comment_status":"closed","ping_status":"closed","sticky":false,"template":"","format":"standard","meta":{"fifu_image_url":"","fifu_image_alt":"","footnotes":""},"categories":[73,53],"tags":[],"class_list":["post-22566","post","type-post","status-publish","format-standard","has-post-thumbnail","hentry","category-actualite","category-algerie"],"_links":{"self":[{"href":"https:\/\/linitiative.ca\/International\/wp-json\/wp\/v2\/posts\/22566","targetHints":{"allow":["GET"]}}],"collection":[{"href":"https:\/\/linitiative.ca\/International\/wp-json\/wp\/v2\/posts"}],"about":[{"href":"https:\/\/linitiative.ca\/International\/wp-json\/wp\/v2\/types\/post"}],"author":[{"embeddable":true,"href":"https:\/\/linitiative.ca\/International\/wp-json\/wp\/v2\/users\/1744"}],"replies":[{"embeddable":true,"href":"https:\/\/linitiative.ca\/International\/wp-json\/wp\/v2\/comments?post=22566"}],"version-history":[{"count":0,"href":"https:\/\/linitiative.ca\/International\/wp-json\/wp\/v2\/posts\/22566\/revisions"}],"wp:featuredmedia":[{"embeddable":true,"href":"https:\/\/linitiative.ca\/International\/wp-json\/"}],"wp:attachment":[{"href":"https:\/\/linitiative.ca\/International\/wp-json\/wp\/v2\/media?parent=22566"}],"wp:term":[{"taxonomy":"category","embeddable":true,"href":"https:\/\/linitiative.ca\/International\/wp-json\/wp\/v2\/categories?post=22566"},{"taxonomy":"post_tag","embeddable":true,"href":"https:\/\/linitiative.ca\/International\/wp-json\/wp\/v2\/tags?post=22566"}],"curies":[{"name":"wp","href":"https:\/\/api.w.org\/{rel}","templated":true}]}}