{"id":22568,"date":"2019-03-17T19:00:00","date_gmt":"2019-03-17T23:00:00","guid":{"rendered":"https:\/\/linitiative.ca\/International\/gilets-jaunes-apres-le-deferlement-de-violence-a-paris-lexecutif-sous-pression\/"},"modified":"2019-03-17T19:00:00","modified_gmt":"2019-03-17T23:00:00","slug":"gilets-jaunes-apres-le-deferlement-de-violence-a-paris-lexecutif-sous-pression","status":"publish","type":"post","link":"https:\/\/linitiative.ca\/International\/gilets-jaunes-apres-le-deferlement-de-violence-a-paris-lexecutif-sous-pression\/","title":{"rendered":"\u00ab Gilets jaunes \u00bb : apr\u00e8s le d\u00e9ferlement de violence \u00e0 Paris, l\u2019ex\u00e9cutif sous pression"},"content":{"rendered":"<p>Le saccage samedi dernier de \u00abla plus belle avenue du monde\u00bb, les Champs-\u00c9lys\u00e9es, lors d\u2019une manifestation des \u00abGilets jaunes\u00bb, suscitait hier l\u2019indignation en France, o\u00f9 le gouvernement \u00e9tait critiqu\u00e9 pour un dispositif de maintien de l\u2019ordre jug\u00e9 insuffisant.<\/p>\n<div readability=\"191\">\n<p>Apr\u00e8s un d\u00e9clin de la mobilisation ces derni\u00e8res semaines, la 18e journ\u00e9e d\u2019action des \u00abGilets jaunes\u00bb, qui m\u00e8nent une fronde sociale et fiscale depuis mi-novembre, a \u00e9t\u00e9 marqu\u00e9e par une nouvelle flamb\u00e9e de violence samedi \u00e0 Paris, de la part principalement de gens masqu\u00e9s v\u00eatus de noir. \u00abJ\u2019attends des explications\u00bb de l\u2019ex\u00e9cutif, a d\u00e9clar\u00e9 la maire socialiste de Paris, Anne Hidalgo, \u00abvraiment en col\u00e8re\u00bb apr\u00e8s cette \u00abviolence inou\u00efe\u00bb. \u00abMon sentiment c\u2019est qu\u2019on devrait \u00eatre capable de ma\u00eetriser une situation comme celle que nous venons de vivre\u00bb, a-t-elle estim\u00e9 dans un entretien au quotidien Le Parisien. \u00abNous sommes au c\u0153ur d\u2019une crise sociale et politique majeure. Ces fractures ne peuvent pas durer. On ne peut plus continuer comme \u00e7a !\u00bb Une r\u00e9union autour du Premier ministre Edouard Philippe \u00e9tait pr\u00e9vue hier \u00e0 16h30 GMT sur des \u00abd\u00e9cisions fortes\u00bb promises la veille par Emmanuel Macron. Le parquet de Paris faisait \u00e9tat dimanche de 200 personnes plac\u00e9es en garde \u00e0 vue, dont 15 mineurs. Sur les tr\u00e8s touristiques Champs-\u00c9lys\u00e9es, boutiques et restaurants ont \u00e9t\u00e9 pill\u00e9s et incendi\u00e9s lors de cette journ\u00e9e qui avait \u00e9t\u00e9 annonc\u00e9e comme un \u00abultimatum\u00bb au chef de l\u2019\u00c9tat, Emmanuel Macron, consid\u00e9r\u00e9 par les \u00abGilets jaunes\u00bb comme \u00able pr\u00e9sident des riches\u00bb. Selon les commer\u00e7ants des Champs-Elys\u00e9es, 80 enseignes ont \u00e9t\u00e9 touch\u00e9es, dont une vingtaine pill\u00e9es ou victimes de d\u00e9parts d\u2019incendies. \u00abA Paris, les cagoules noires ont remplac\u00e9 les Gilets jaunes. Les Black Blocs d\u00e9truisent, br\u00fblent, violentent en toute impunit\u00e9\u00bb, a tweet\u00e9 la pr\u00e9sidente du parti d\u2019extr\u00eame droite Rassemblement National, Marine Le Pen. Le Journal du Dimanche s\u2019interroge : \u00abQu\u2019a fait la police ?\u00bb. \u00abL\u2019\u00e9tendue des d\u00e9g\u00e2ts fait na\u00eetre des interrogations sur l\u2019efficacit\u00e9 du dispositif de maintien de l\u2019ordre\u00bb, estime l\u2019hebdomadaire.\u00a0\u00a0<\/p>\n<p><strong>\u00ab Paris en feu \u00bb\u00a0<\/strong><\/p>\n<p>\u00a0 \u00a0 \u00a0La droite reproche en particulier \u00e0 M. Macron de s\u2019\u00eatre priv\u00e9 d\u2019une application rapide d\u2019une loi dite anticasseurs, vot\u00e9e cette semaine au Parlement. Face aux craintes que certaines de ses dispositions ne portent atteinte \u00e0 la libert\u00e9 de manifester, des parlementaires ainsi que le pr\u00e9sident ont d\u00e9cid\u00e9 de saisir le Conseil constitutionnel. Les r\u00e9seaux sociaux faisaient aussi, leurs choux gras des photographies du pr\u00e9sident sur les pistes de La Mongie, dans les Hautes-Pyr\u00e9n\u00e9es (sud-ouest), o\u00f9 il avait retrouv\u00e9 son \u00e9pouse Brigitte pour se \u00abressourcer\u00bb, en rentrant d\u2019un p\u00e9riple en Afrique de l\u2019Est. Un week-end finalement \u00e9court\u00e9 par les \u00e9v\u00e9nements. \u00abParis est en feu et Macron sous les cam\u00e9ras au ski !\u00bb, \u00abil est \u00e9c\u0153urant d\u2019inconscience et d\u2019irrespect envers les Fran\u00e7ais !\u00bb, a tweet\u00e9 l\u2019eurod\u00e9put\u00e9e Les R\u00e9publicains (opposition de droite) Nadine Morano. Le ministre de l\u2019Int\u00e9rieur, Christophe Castaner, \u00e9tait aussi la cible de critiques alors que circulent depuis quelques jours des images le montrant dans une discoth\u00e8que parisienne au soir de la 17e journ\u00e9e de mobilisation des \u00abGilets jaunes\u00bb. \u00abIl y a un gouvernement qui aujourd\u2019hui \u00e0 l\u2019\u00e9vidence ne fait pas son travail\u00bb, a lanc\u00e9 le dirigeant du Parti socialiste, Olivier Faure, ironisant sur les \u00abannonces entre deux verres\u00bb du ministre. Le regain de violence remet la pression sur l\u2019ex\u00e9cutif qui avait pu se satisfaire d\u2019un d\u00e9clin de la mobilisation des \u00abGilets jaunes\u00bb ces derni\u00e8res semaines, mais aussi d\u2019un inversement de tendance dans l\u2019opinion publique, \u00e0 pr\u00e9sent majoritairement en faveur d\u2019un arr\u00eat du mouvement. Cette nouvelle manifestation co\u00efncidait avec la fin du \u00abgrand d\u00e9bat\u00bb lanc\u00e9 en r\u00e9ponse \u00e0 cette crise des \u00abGilets jaunes\u00bb, dans lequel le chef de l\u2019\u00c9tat s\u2019est beaucoup investi. Dans toute la France plus de 10.300 r\u00e9unions locales ont \u00e9t\u00e9 organis\u00e9es et 1,4 million de contributions ont \u00e9t\u00e9 enregistr\u00e9es sur le site d\u00e9di\u00e9. L\u2019ex\u00e9cutif s\u2019est donn\u00e9 jusqu\u2019\u00e0 la mi-avril pour d\u00e9cider ce qu\u2019il compte faire de ces propositions qui ont \u00e9merg\u00e9. Sept Fran\u00e7ais sur dix n\u2019en attendent n\u00e9anmoins pas de miracles et pensent que le grand d\u00e9bat ne permettra pas de sortir de la crise que traverse le pays, selon un sondage r\u00e9cent.\u00a0<\/p>\n<p><strong>Les commer\u00e7ants des Champs-Elys\u00e9es ne voient \u00ab plus le bout du tunnel \u00bb\u00a0<\/strong><\/p>\n<p>\u00a0 \u00a0 \u00a0Il a pass\u00e9 la matin\u00e9e \u00e0 nettoyer son magasin, sans parvenir \u00e0 \u00e9vacuer sa \u00abcol\u00e8re\u00bb. Comme de nombreux commer\u00e7ants des Champs-Elys\u00e9es, Emir Fatnassi assure ne plus voir \u00able bout du tunnel\u00bb apr\u00e8s les violences qui ont marqu\u00e9 la nouvelle manifestation des \u00abGilets jaunes\u00bb. \u00abOn peut manifester mais pourquoi tout casser ? On n\u2019en peut plus\u00bb, soupire ce jeune homme, co-responsable d\u2019une boutique sur la c\u00e9l\u00e8bre avenue parisienne, \u00e0 quelques centaines de m\u00e8tres de l\u2019Arc de Triomphe, dont la devanture est cribl\u00e9e d\u2019impacts de pav\u00e9s. En guise de porte, une planche de fortune a \u00e9t\u00e9 install\u00e9e, entour\u00e9e de ruban adh\u00e9sif. A l\u2019int\u00e9rieur, les \u00e9tals sont vides. Quelques morceaux de verre jonchent encore le sol. \u00abIl va falloir changer les vitrines : c\u2019est au minimum 25.000 euros. Et puis, un important stock de marchandises s\u2019est \u00e9vapor\u00e9. C\u2019est dramatique\u00bb, confie Emir Fatnassi. \u00abJe me pr\u00e9pare d\u00e9j\u00e0 pour samedi prochain. J\u2019ai l\u2019impression que \u00e7a ne va jamais se terminer\u00bb. Non loin, devant une boutique de pr\u00eat-\u00e0-porter de marque italienne, un homme juch\u00e9 sur un escabeau s\u2019efforce de d\u00e9coller un film en plastique install\u00e9 la veille pour tenter de prot\u00e9ger la vitrine des casseurs. \u00ab\u00e7a n\u2019a pas compl\u00e8tement march\u00e9\u00bb, constate-t-il. Quelques pav\u00e9s descell\u00e9s sur l\u2019avenue et des \u00e9clats de verre autour des abribus t\u00e9moignent des violences de samedi, journ\u00e9e au cours de laquelle 32.300 \u00abGilets jaunes\u00bb se sont mobilis\u00e9es dans toute la France, selon le minist\u00e8re de l\u2019Int\u00e9rieur, pour la dix-huiti\u00e8me fois depuis mi-novembre. Une odeur de caoutchouc br\u00fbl\u00e9 flotte autour des kiosques \u00e0 journaux incendi\u00e9s. Devant le Fouquet\u2019s, brasserie renomm\u00e9e dont l\u2019auvent, br\u00fbl\u00e9 la veille, est recouvert d\u2019une b\u00e2che noire, des journalistes de t\u00e9l\u00e9vision font leurs directs.\u00a0<\/p>\n<p>\u00a0 \u00a0 Selon le Comit\u00e9 Champs-Elys\u00e9es, association de promotion de l\u2019avenue touristique, 80 enseignes ont \u00e9t\u00e9 endommag\u00e9es, dont une vingtaine victimes de pillages ou de d\u00e9parts d\u2019incendie. Parmi les commerces les plus touch\u00e9s : la maroquinerie Longchamp, le chocolatier Jeff de Bruges, le magasin du fabricant chinois de smartphones Xiaomi, inaugur\u00e9 \u00e0 la mi-janvier. \u00abIl y a eu un d\u00e9ferlement de violence\u00bb, raconte Jean-No\u00ebl Reinhardt, pr\u00e9sident de ce comit\u00e9 qui revendique 180 adh\u00e9rents. \u00abIl faut que les pouvoirs publics mettent un terme \u00e0 cette situation\u00bb, ajoute-t-il. Depuis le d\u00e9but du mouvement, certains commer\u00e7ants ont vu leur chiffre d\u2019affaires descendre en fl\u00e8che : \u00ables Champs-Elys\u00e9es, c\u2019est un morceau du patrimoine national. Il faut le d\u00e9fendre\u00bb, ass\u00e8ne M. Reinhardt. Derri\u00e8re lui, des ouvriers s\u2019activent, perceuse \u00e0 la main, pour installer des planches sur la devanture d\u2019un magasin de luxe. Touristes et badauds, l\u2019air incr\u00e9dule, photographient avec leur t\u00e9l\u00e9phone la fa\u00e7ade vandalis\u00e9e. \u00abQu\u2019est-ce qu\u2019on a fait \u00e0 notre ville ?\u00bb, se lamente Tania, N\u00e9erlandaise en visite \u00e0 Paris o\u00f9 elle a habit\u00e9 pendant plusieurs ann\u00e9es. \u00ab\u00c7a fait mal de voir \u00e7a et \u00e7a fait peur aux touristes\u00bb, explique cette ancienne guide qui avait l\u2019habitude d\u2019amener ici ses compatriotes. Mahmoud, sexag\u00e9naire, venu voir les d\u00e9g\u00e2ts est d\u00e9go\u00fbt\u00e9 : \u00abCe sont des animaux qui ont fait \u00e7a. Ils vont rouvrir dans trois jours mais c\u2019est mauvais pour le commerce et pour l\u2019image\u00bb. \u00abPourquoi on n\u2019a pas bloqu\u00e9 tout le quartier ?\u00bb, s\u2019interroge son \u00e9pouse Samia. \u00abToutes les boutiques ont \u00e9t\u00e9 gard\u00e9es au cours de la nuit avec des agents appel\u00e9s dans la soir\u00e9e\u00bb, explique un vigile, qui pr\u00e9f\u00e8re garder l\u2019anonymat. \u00abJean\u00bb, chef d\u2019entreprise, remonte l\u2019avenue avec des amis. Il a particip\u00e9 \u00e0 la manifestation samedi, comme \u00e0 toutes celles depuis le d\u00e9but, et regarde les vitrines d\u2019un \u0153il sceptique : \u00abVous avez vu comment ils r\u00e9parent vite ? On pleure sur les magasins, mais ces grosses bo\u00eetes ne paient rien du tout en charges ici, alors que nous on est \u00e9cras\u00e9s\u00bb par les cotisations de s\u00e9curit\u00e9 sociale. Les d\u00e9g\u00e2ts ? \u00abC\u2019est pas assez et \u00e7a va \u00eatre pire\u00bb, dit-il, en promettant une poursuite du mouvement. \u00ab\u00e7a va continuer, le week-end, mais il y aura des actions en semaine aussi\u00bb.\u00a0<\/p>\n<p><strong>Les Champs-Elys\u00e9es saccag\u00e9s, nettoyage toujours en cours\u00a0<\/strong><\/p>\n<p>\u00a0 \u00a0 Les \u00e9quipes de nettoyage \u00e9taient toujours \u00e0 l\u2019\u0153uvre hier matin sur les Champs-\u00c9lys\u00e9es, la mythique avenue parisienne d\u00e9vast\u00e9e la veille lors de la dix-huiti\u00e8me manifestation sociale des \u00abGilets jaunes\u00bb auxquels s\u2019\u00e9taient m\u00eal\u00e9s les v\u00eatements noirs des casseurs. Magasins de luxe pill\u00e9s, leurs vitrines \u00e9clat\u00e9es, kiosques \u00e0 journaux d\u00e9truits, immeuble noirci par un incendie, restaurant partiellement br\u00fbl\u00e9, fa\u00e7ades tagu\u00e9es&#8230; les d\u00e9g\u00e2ts s\u2019annoncent consid\u00e9rables. Et d\u00e8s les \u00e9v\u00e9nements retomb\u00e9s, samedi soir, des Parisiens curieux, des touristes \u00e9trangers sous le choc, des \u00abgilets jaunes\u00bb sont venus constater leur \u00e9tendue, sur fond de bruit de perceuses et de verre que l\u2019on pi\u00e9tine. Un groupe venu de Toulouse, dans le sud de la France, s\u2019arr\u00eatait m\u00e9thodiquement devant chaque vitrine, chaque mur, pour faire une photo et \u00abgarder un souvenir\u00bb. Ils \u00e9taient l\u00e0 dans l\u2019apr\u00e8s-midi pour manifester comme 10.000 autres \u00abGilets jaunes\u00bb pour cet acte 18 qui a donn\u00e9 lieu \u00e0 de violents heurts avec les forces de l\u2019ordre. \u00abS\u2019il faut \u00e7a pour se faire entendre, c\u2019est malheureux, mais on le refera encore\u00bb, expliquait Serge qui ne donnait que son pr\u00e9nom, et d\u00e9non\u00e7ait le \u00abm\u00e9pris d\u2019un pr\u00e9sident qui va skier le jour d\u2019une grosse manif\u2019\u00bb. \u00abOn ne fait pas des r\u00e9volutions avec des fleurs\u00bb, rench\u00e9rissait Delphine qui \u00e9voque d\u00e9j\u00e0 les prochaines journ\u00e9es de manifestation. \u00abJe mets un \u2018\u2018gilet jaune\u2019\u2019 pour que mes enfants n\u2019aient pas besoin de le faire\u00bb, affirmait la fr\u00eale m\u00e8re de famille. Dans les boutiques, il a fallu balayer, mettre de c\u00f4t\u00e9 ce qui pouvait \u00eatre sauv\u00e9, placer de grandes planches de bois en lieu et place des vitrines. Dans la soir\u00e9e, deux officiers de police venus faire les premi\u00e8res constations chez le joaillier Mauboussin, ont d\u2019abord d\u00fb escalader les restes tranchants de la vitrine fracass\u00e9e. A l\u2019int\u00e9rieur, tous les pr\u00e9sentoirs \u00e9taient vides. Ramon Garcia, touriste mexicain de 29 ans, mitraillait l\u2019un des kiosques \u00e0 journaux compl\u00e8tement carbonis\u00e9s de l\u2019avenue : \u00abJe suis tr\u00e8s choqu\u00e9. Je prends des photos pour montrer \u00e0 la famille, aux amis. Personne ne va nous croire sinon\u00bb.\u00a0<\/p>\n<p><strong>Grand d\u00e9bat devant le Fouquet\u2019s saccag\u00e9\u00a0<\/strong><\/p>\n<p>\u00a0 \u00a0 \u00a0Sur la chauss\u00e9e, des dizaines des fourgons des forces de l\u2019ordre \u00e9taient stationn\u00e9s, \u00e9clairant toute l\u2019avenue du bleu de leurs gyrophares. Peu de voitures circulaient mais beaucoup de camions de la propret\u00e9 de la ville de Paris dont les agents s\u2019activent \u00e0 nettoyer les trottoirs et les caniveaux qui regorgent de pav\u00e9s, de boulons, d\u2019\u00e9clats de verre et de d\u00e9chets en tout genre. Malgr\u00e9 les samedis qui s\u2019encha\u00eenent \u00e0 nettoyer apr\u00e8s les manifestations, un employ\u00e9 de la ville de Paris, qui souhaite rester anonyme, confie comprendre la \u00abcol\u00e8re de ceux qui ont tout cass\u00e9\u00bb. \u00abTout le monde souffre, la France va mal. Nous, on survit tout juste alors qu\u2019il y en a qui s\u2019en mettent plein les poches\u00bb, raconte-t-il tout en continuant de balayer des d\u00e9bris calcin\u00e9s. Sur le trottoir d\u2019en face, le Fouquet\u2019s, restaurant dont la salle est inscrite \u00e0 l\u2019inventaire des monuments historiques, \u00e9tait ouvert aux quatre vents samedi soir.\u00a0<\/p>\n<p>A l\u2019int\u00e9rieur des ouvriers s\u2019affairaient, prot\u00e9g\u00e9s par une rang\u00e9e de membres des forces de l\u2019ordre. Et devant, un grand d\u00e9bat \u00e9tait engag\u00e9 entre plusieurs jeunes \u00e0 longues barbes et un groupe de Parisiens sortant d\u2019un restaurant \u00e0 quelques rues de l\u00e0. \u00abAh, \u00e7a fait bien plaisir de voir \u00e7a\u00bb, lan\u00e7ait un jeune devant la c\u00e9l\u00e8bre brasserie dont l\u2019auvent rouge et or est en grande partie br\u00fbl\u00e9. \u00abMais vous n\u2019avez pas le droit de dire \u00e7a !\u00bb, s\u2019offusque l\u2019un des d\u00eeneurs. \u00abSyst\u00e8me pourri\u00bb et \u00abinstitutions\u00bb \u00e0 \u00abr\u00e9inventer\u00bb d\u2019un c\u00f4t\u00e9, valeur du travail et importance de l\u2019\u00abeffort\u00bb de l\u2019autre&#8230; Leurs positions \u00e9taient irr\u00e9conciliables mais les \u00e9changes se sont prolong\u00e9s sur ce bout de trottoir jonch\u00e9 de verre, o\u00f9 flottait encore l\u2019odeur de br\u00fbl\u00e9.<\/p>\n<p><strong>(AFP)\u00a0<\/strong><\/p>\n<\/div>\n<p>Auteur: elmoudjahid<br \/>\n<a href=\"http:\/\/www.elmoudjahid.com\/fr\/actualites\/134895\">Cliquez ici pour lire l&rsquo;article depuis sa source.<\/a><\/p>\n","protected":false},"excerpt":{"rendered":"<p>Le saccage samedi dernier de \u00abla plus belle avenue du monde\u00bb, les Champs-\u00c9lys\u00e9es, lors d\u2019une manifestation des \u00abGilets jaunes\u00bb, suscitait hier l\u2019indignation en France, o\u00f9 le gouvernement \u00e9tait critiqu\u00e9 pour un dispositif de maintien de l\u2019ordre jug\u00e9 insuffisant. Apr\u00e8s un d\u00e9clin de la mobilisation ces derni\u00e8res semaines, la 18e journ\u00e9e d\u2019action des \u00abGilets jaunes\u00bb, qui [&hellip;]<\/p>\n","protected":false},"author":1744,"featured_media":0,"comment_status":"closed","ping_status":"closed","sticky":false,"template":"","format":"standard","meta":{"fifu_image_url":"","fifu_image_alt":"","footnotes":""},"categories":[73,53],"tags":[],"class_list":["post-22568","post","type-post","status-publish","format-standard","hentry","category-actualite","category-algerie"],"_links":{"self":[{"href":"https:\/\/linitiative.ca\/International\/wp-json\/wp\/v2\/posts\/22568","targetHints":{"allow":["GET"]}}],"collection":[{"href":"https:\/\/linitiative.ca\/International\/wp-json\/wp\/v2\/posts"}],"about":[{"href":"https:\/\/linitiative.ca\/International\/wp-json\/wp\/v2\/types\/post"}],"author":[{"embeddable":true,"href":"https:\/\/linitiative.ca\/International\/wp-json\/wp\/v2\/users\/1744"}],"replies":[{"embeddable":true,"href":"https:\/\/linitiative.ca\/International\/wp-json\/wp\/v2\/comments?post=22568"}],"version-history":[{"count":0,"href":"https:\/\/linitiative.ca\/International\/wp-json\/wp\/v2\/posts\/22568\/revisions"}],"wp:attachment":[{"href":"https:\/\/linitiative.ca\/International\/wp-json\/wp\/v2\/media?parent=22568"}],"wp:term":[{"taxonomy":"category","embeddable":true,"href":"https:\/\/linitiative.ca\/International\/wp-json\/wp\/v2\/categories?post=22568"},{"taxonomy":"post_tag","embeddable":true,"href":"https:\/\/linitiative.ca\/International\/wp-json\/wp\/v2\/tags?post=22568"}],"curies":[{"name":"wp","href":"https:\/\/api.w.org\/{rel}","templated":true}]}}