{"id":22574,"date":"2019-03-18T07:06:42","date_gmt":"2019-03-18T11:06:42","guid":{"rendered":"https:\/\/linitiative.ca\/International\/86987-ligue-1-mobilis-atomise-par-l-es-setif-le-mc-oran-plus-que-jamais-en-danger\/"},"modified":"2019-03-18T07:06:42","modified_gmt":"2019-03-18T11:06:42","slug":"86987-ligue-1-mobilis-atomise-par-l-es-setif-le-mc-oran-plus-que-jamais-en-danger","status":"publish","type":"post","link":"https:\/\/linitiative.ca\/International\/86987-ligue-1-mobilis-atomise-par-l-es-setif-le-mc-oran-plus-que-jamais-en-danger\/","title":{"rendered":"Ligue 1 Mobilis: atomis\u00e9 par l\u2019ES S\u00e9tif, le MC Oran plus que jamais en danger"},"content":{"rendered":"<div>\n<div class=\"K2FeedImage\"><img decoding=\"async\" src=\"http:\/\/www.aps.dz\/media\/k2\/items\/cache\/6c113c498f21e2f60d6216f1726ed084_S.jpg\" alt=\"Ligue 1 Mobilis: atomis\u00e9 par l\u2019ES S\u00e9tif, le MC Oran plus que jamais en danger\"><\/div>\n<div class=\"K2FeedIntroText\">\n<p><strong>ORAN &#8211; En chutant lourdement sur le terrain de l\u2019ES S\u00e9tif, (4-1) dimanche en match comptant pour la 24e journ\u00e9e de la Ligue 1 de football, le MC Oran voit sa situation se compliquer davantage dans le bas du tableau.<\/strong><\/p>\n<\/div>\n<div class=\"K2FeedFullText\">\n<p>C\u2019est tout Oran qui croise d\u00e9sormais les doigts, de peur de voir le club-phare de la ville connaitre le m\u00eame sc\u00e9nario de 2008, lorsqu\u2019il \u00e9tait rel\u00e9gu\u00e9 en Ligue 2, une \u00e9ventualit\u00e9 \u00e0 ne pas \u00e9carter si les \u2018\u2019Hamraoua\u2019\u2019 ne parviennent pas \u00e0 se ressaisir au cours des sept matchs qui leur restent \u00e0 jouer.<\/p>\n<p>L\u2019entraineur de l\u2019\u00e9quipe, Jean Michel Cavalli, souvent critiqu\u00e9 pour ses options d\u00e9fensives, a \u00e9chou\u00e9 \u00e0 \u00e9viter le naufrage malgr\u00e9 le fait d\u2019\u00eatre rest\u00e9 fid\u00e8le \u00e0 sa philosophie en alignant un onze \u00e0 vocation d\u00e9fensive.<\/p>\n<p>\u00ab\u00a0Certes, nous sommes pass\u00e9s \u00e0 c\u00f4t\u00e9 de la plaque en premi\u00e8re mi-temps, mais on a apport\u00e9 des r\u00e9ajustements en deuxi\u00e8me mi-temps ce qui nous a permis de r\u00e9duire la marque avant de rater de peu le but d\u2019\u00e9galisation. Cependant, je ne comprends pas comment mes joueurs ont l\u00e2ch\u00e9 du leste par la suite\u00a0\u00bb, a d\u00e9clar\u00e9 le technicien fran\u00e7ais.<\/p>\n<p>Pour Cavalli aussi, \u00ab\u00a0Il y a lieu de s\u2019interroger sur cette faiblesse affich\u00e9e par les joueurs sur le plan psychologique\u00a0\u00bb.<\/p>\n<hr>\n<h3>Lire aussi:\u00a0<a href=\"http:\/\/www.aps.dz\/sport\/86539-mco-plusieurs-defections-signalees-avant-d-affronter-le-csc-en-coupe-d-algerie\" target=\"_blank\" rel=\"noopener noreferrer\">MCO : plusieurs d\u00e9fections signal\u00e9es avant d\u2019affronter le CSC en Coupe d\u2019Alg\u00e9rie<\/a><\/h3>\n<hr>\n<p>Les supporters du MCO avaient pourtant nourri de r\u00e9elles ambitions sur ce d\u00e9placement de S\u00e9tif intervenant quelques joueurs apr\u00e8s un pr\u00e9cieux nul ramen\u00e9 du terrain du CS Constantine (1-1) en quart de finale aller de la Coupe d\u2019Alg\u00e9rie.<\/p>\n<p>Mais les Oranais sont vite retomb\u00e9s dans leurs travers, eux qui devaient, selon leur coach, confirmer leur bon r\u00e9sultat en Coupe pour amorcer un nouveau d\u00e9part en championnat.<\/p>\n<p>Sous la houlette de Cavalli, qui a succ\u00e9d\u00e9 il y a quelques semaines \u00e0 Omar Belatoui, l\u2019\u00e9quipe n\u2019a r\u00e9ussi \u00e0 obtenir que trois points de 15 possibles lors de ses cinq pr\u00e9c\u00e9dents matchs au cours desquels elle a \u00e9volu\u00e9 trois fois \u00e0 domicile.<\/p>\n<p>Une maigre \u00ab\u00a0moisson\u00a0\u00bb qui plonge d\u00e9sormais les gars d\u2019El-Bahia dans le doute, \u00e9tant donn\u00e9 qu\u2019ils ne comptent que deux points d\u2019avance sur le 14e et troisi\u00e8me potentiel rel\u00e9gable, le CR Belouizdad (25 pts contre 23) qui compte deux matchs en moins contre un pour les Oranais.<\/p>\n<p>La situation du MCO deviendrait encore compliqu\u00e9e si par malheur les Rouge et Blanc venaient de conc\u00e9der un autre faux pas dans leur match en retard sur le terrain du MC Alger, un rendez-vous pr\u00e9vu pour jeudi prochain au stade du 5-juillet, mais que les locaux ont demand\u00e9 \u00e0 le reporter.<\/p>\n<\/div>\n<p><img loading=\"lazy\" decoding=\"async\" src=\"http:\/\/feeds.feedburner.com\/~r\/aps-sport\/~4\/C_Bk1qrlPqA\" height=\"1\" width=\"1\" alt=\"\"><\/div>\n<p>Auteur:<br \/>\n<a href=\"http:\/\/www.aps.dz\/sport\/86987-ligue-1-mobilis-atomise-par-l-es-setif-le-mc-oran-plus-que-jamais-en-danger?utm_source=feedburner&#038;utm_medium=feed&#038;utm_campaign=Feed%3A+aps-sport+%28APS+-+SPORT%29\">Cliquez ici pour lire l&rsquo;article depuis sa source.<\/a><\/p>\n","protected":false},"excerpt":{"rendered":"<p>ORAN &#8211; En chutant lourdement sur le terrain de l\u2019ES S\u00e9tif, (4-1) dimanche en match comptant pour la 24e journ\u00e9e de la Ligue 1 de football, le MC Oran voit sa situation se compliquer davantage dans le bas du tableau. C\u2019est tout Oran qui croise d\u00e9sormais les doigts, de peur de voir le club-phare de [&hellip;]<\/p>\n","protected":false},"author":1790,"featured_media":22575,"comment_status":"closed","ping_status":"closed","sticky":false,"template":"","format":"standard","meta":{"fifu_image_url":"","fifu_image_alt":"","footnotes":""},"categories":[53,75],"tags":[],"class_list":["post-22574","post","type-post","status-publish","format-standard","has-post-thumbnail","hentry","category-algerie","category-sport"],"_links":{"self":[{"href":"https:\/\/linitiative.ca\/International\/wp-json\/wp\/v2\/posts\/22574","targetHints":{"allow":["GET"]}}],"collection":[{"href":"https:\/\/linitiative.ca\/International\/wp-json\/wp\/v2\/posts"}],"about":[{"href":"https:\/\/linitiative.ca\/International\/wp-json\/wp\/v2\/types\/post"}],"author":[{"embeddable":true,"href":"https:\/\/linitiative.ca\/International\/wp-json\/wp\/v2\/users\/1790"}],"replies":[{"embeddable":true,"href":"https:\/\/linitiative.ca\/International\/wp-json\/wp\/v2\/comments?post=22574"}],"version-history":[{"count":0,"href":"https:\/\/linitiative.ca\/International\/wp-json\/wp\/v2\/posts\/22574\/revisions"}],"wp:featuredmedia":[{"embeddable":true,"href":"https:\/\/linitiative.ca\/International\/wp-json\/"}],"wp:attachment":[{"href":"https:\/\/linitiative.ca\/International\/wp-json\/wp\/v2\/media?parent=22574"}],"wp:term":[{"taxonomy":"category","embeddable":true,"href":"https:\/\/linitiative.ca\/International\/wp-json\/wp\/v2\/categories?post=22574"},{"taxonomy":"post_tag","embeddable":true,"href":"https:\/\/linitiative.ca\/International\/wp-json\/wp\/v2\/tags?post=22574"}],"curies":[{"name":"wp","href":"https:\/\/api.w.org\/{rel}","templated":true}]}}