{"id":22595,"date":"2019-03-18T13:26:00","date_gmt":"2019-03-18T17:26:00","guid":{"rendered":"https:\/\/linitiative.ca\/International\/ouyahia-soutient-le-mouvement-populaire\/"},"modified":"2019-03-18T13:26:00","modified_gmt":"2019-03-18T17:26:00","slug":"ouyahia-soutient-le-mouvement-populaire","status":"publish","type":"post","link":"https:\/\/linitiative.ca\/International\/ouyahia-soutient-le-mouvement-populaire\/","title":{"rendered":"Ouyahia soutient le mouvement populaire"},"content":{"rendered":"<p><br id=\"sep_para_1\" class=\"sep_para access\"\/><\/p>\n<div id=\"para_1\" class=\"para_29830467 resize\">\n<div class=\"photo shadow left\"><a href=\"javascript:void(0)\" rel=\"https:\/\/www.reflexiondz.net\/photo\/art\/grande\/31748978-29830467.jpg?v=1552932666&#038;ibox\" title=\"Ouyahia soutient le mouvement populaire\"><img decoding=\"async\" class=\"responsive c9\" src=\"https:\/\/www.reflexiondz.net\/photo\/art\/grande\/31748978-29830467.jpg?v=1552932666\" alt=\"Ouyahia soutient le mouvement populaire\" title=\"Ouyahia soutient le mouvement populaire\"\/><img decoding=\"async\" class=\"not-responsive\" src=\"https:\/\/www.reflexiondz.net\/photo\/art\/default\/31748978-29830467.jpg?v=1552932668\" alt=\"Ouyahia soutient le mouvement populaire\" title=\"Ouyahia soutient le mouvement populaire\"\/><\/a><\/div>\n<div class=\"texte access firstletter\">Ahmed Ouyahia a adress\u00e9, dimanche 17 mars, une lettre aux militants du Rassemblement national d\u00e9mocratique (RND) pour ordonner \u00e0 ses lieutenants de prendre en charge les dol\u00e9ances de la population. Ouyahia a instruit par le biais de cette correspondance, ses \u00e9lus et responsables de \u00ab satisfaire \u00bb les revendications exprim\u00e9es lors des manifestations populaires \u00ab dans les plus brefs d\u00e9lais \u00bb. Encore fid\u00e8le \u00e0 son Pr\u00e9sident, le d\u00e9savou\u00e9, l\u2019ancien Premier ministre r\u00e9it\u00e8re son soutien au pr\u00e9sident de la R\u00e9publique et assure qu\u2019il est toujours \u00ab au service \u00bb du pays dans toutes les situations \u00bb.Dans cette m\u00eame lettre, Ahmed Ouyahia parle \u00e9galement de la \u00ab situation difficile \u00bb du pays qui \u00ab exige qu\u2019on se consacre avec toutes nos forces et l\u2019unit\u00e9 de nos rangs pour participer \u00e0 aider l\u2019Alg\u00e9rie \u00e0 d\u00e9passer cette crise actuelle\u00bb. Notons qu\u2019Ahmed Ouyahia, patron du RND, devra pr\u00e9sider aujourd\u2019hui une r\u00e9union du bureau national du RND, la premi\u00e8re depuis son \u00e9loignement du gouvernement. Une r\u00e9union se tient sur fond de tension. Ahmed Ouyahia devra s\u2019expliquer aussi sur la position du RND vis-\u00e0-vis du mouvement populaire contre le cinqui\u00e8me mandat. Comme accoutum\u00e9 l\u2019homme des missions impossibles, Ouyahia ne compte pas pr\u00e9senter sa d\u00e9mission de la direction du RND, selon une source cr\u00e9dible.<\/div>\n<\/div>\n<p>Auteur: R\u00e9flexion<br \/>\n<a href=\"https:\/\/www.reflexiondz.net\/Ouyahia-soutient-le-mouvement-populaire_a55001.html\">Cliquez ici pour lire l&rsquo;article depuis sa source.<\/a><\/p>\n","protected":false},"excerpt":{"rendered":"<p>Ahmed Ouyahia a adress\u00e9, dimanche 17 mars, une lettre aux militants du Rassemblement national d\u00e9mocratique (RND) pour ordonner \u00e0 ses lieutenants de prendre en charge les dol\u00e9ances de la population. Ouyahia a instruit par le biais de cette correspondance, ses \u00e9lus et responsables de \u00ab satisfaire \u00bb les revendications exprim\u00e9es lors des manifestations populaires \u00ab [&hellip;]<\/p>\n","protected":false},"author":1740,"featured_media":0,"comment_status":"closed","ping_status":"closed","sticky":false,"template":"","format":"standard","meta":{"fifu_image_url":"","fifu_image_alt":"","footnotes":""},"categories":[53,76],"tags":[],"class_list":["post-22595","post","type-post","status-publish","format-standard","hentry","category-algerie","category-regions"],"_links":{"self":[{"href":"https:\/\/linitiative.ca\/International\/wp-json\/wp\/v2\/posts\/22595","targetHints":{"allow":["GET"]}}],"collection":[{"href":"https:\/\/linitiative.ca\/International\/wp-json\/wp\/v2\/posts"}],"about":[{"href":"https:\/\/linitiative.ca\/International\/wp-json\/wp\/v2\/types\/post"}],"author":[{"embeddable":true,"href":"https:\/\/linitiative.ca\/International\/wp-json\/wp\/v2\/users\/1740"}],"replies":[{"embeddable":true,"href":"https:\/\/linitiative.ca\/International\/wp-json\/wp\/v2\/comments?post=22595"}],"version-history":[{"count":0,"href":"https:\/\/linitiative.ca\/International\/wp-json\/wp\/v2\/posts\/22595\/revisions"}],"wp:attachment":[{"href":"https:\/\/linitiative.ca\/International\/wp-json\/wp\/v2\/media?parent=22595"}],"wp:term":[{"taxonomy":"category","embeddable":true,"href":"https:\/\/linitiative.ca\/International\/wp-json\/wp\/v2\/categories?post=22595"},{"taxonomy":"post_tag","embeddable":true,"href":"https:\/\/linitiative.ca\/International\/wp-json\/wp\/v2\/tags?post=22595"}],"curies":[{"name":"wp","href":"https:\/\/api.w.org\/{rel}","templated":true}]}}