{"id":22596,"date":"2019-03-18T13:26:00","date_gmt":"2019-03-18T17:26:00","guid":{"rendered":"https:\/\/linitiative.ca\/International\/le-cessez-le-feu-un-acte-de-memoire\/"},"modified":"2019-03-18T13:26:00","modified_gmt":"2019-03-18T17:26:00","slug":"le-cessez-le-feu-un-acte-de-memoire","status":"publish","type":"post","link":"https:\/\/linitiative.ca\/International\/le-cessez-le-feu-un-acte-de-memoire\/","title":{"rendered":"Le cessez-le-feu, un acte de m\u00e9moire"},"content":{"rendered":"<p><br id=\"sep_para_1\" class=\"sep_para access\"\/><\/p>\n<div id=\"para_1\" class=\"para_29830468 resize\">\n<div class=\"photo shadow left\"><a href=\"javascript:void(0)\" rel=\"https:\/\/www.reflexiondz.net\/photo\/art\/grande\/31748979-29830468.jpg?v=1552932656&#038;ibox\" title=\"Le cessez-le-feu, un acte de m\u00e9moire\"><img decoding=\"async\" class=\"responsive c9\" src=\"https:\/\/www.reflexiondz.net\/photo\/art\/grande\/31748979-29830468.jpg?v=1552932656\" alt=\"Le cessez-le-feu, un acte de m\u00e9moire\" title=\"Le cessez-le-feu, un acte de m\u00e9moire\"\/><img decoding=\"async\" class=\"not-responsive\" src=\"https:\/\/www.reflexiondz.net\/photo\/art\/default\/31748979-29830468.jpg?v=1552932657\" alt=\"Le cessez-le-feu, un acte de m\u00e9moire\" title=\"Le cessez-le-feu, un acte de m\u00e9moire\"\/><\/a><\/div>\n<div class=\"texte access firstletter\">Le cessez-le-feu sign\u00e9 le 19 mars 1962 au lendemain des accords d\u2019Evian, un acte de m\u00e9moire et de v\u00e9rit\u00e9, annonce \u00e9videmment la f\u00eate de la victoire et la fin d&rsquo;une guerre en Alg\u00e9rie qui a dur\u00e9 plus de 7 ans, faisant plus de 1,5 million morts c\u00f4t\u00e9 alg\u00e9rien. Il repr\u00e9sente une paix l\u00e9gitime tant esp\u00e9r\u00e9e par les alg\u00e9riens apr\u00e8s les 132 ans de pr\u00e9sence de ce colon ind\u00e9sirable qui a commis les pires exactions depuis son intrusion en Alg\u00e9rie, o\u00f9 les combats pour le chasser n\u2019ont pratiquement jamais cess\u00e9, que ce soit sur le plan diplomatique, politique ou militaire.<br \/>Pour le peuple Alg\u00e9rien le 19 mars ,c\u2019est le recouvrement de la libert\u00e9 usurp\u00e9e, de la terre spoli\u00e9e et des ressources dilapid\u00e9es pendant plus de 130 ans, apr\u00e8s des combats h\u00e9ro\u00efques et une guerre rude et p\u00e9nible apr\u00e8s des sacrifices.<br \/>\u00a0L\u2019histoire rappelle \u00e9galement que cette victoire remport\u00e9e au prix du sang par les Alg\u00e9riens est rest\u00e9e en travers du gosier de certains ennemis et d\u00e9tracteurs qui n\u2019ont pas accept\u00e9 la fin du colonialisme. Le 19 mars raconte aussi le terrorisme issu d\u2019une frange d\u2019ultras assassins appel\u00e9e l\u2019OAS, \u00ab\u00a0 la triste et funeste \u2018\u2019organisation des arm\u00e9es criminelles\u2019\u2019 \u00bb\u2019 qui voulait coute que coute emp\u00eacher l\u2019av\u00e8nement d\u2019une Alg\u00e9rie nouvelle libre et ind\u00e9pendante, en menant des actions criminelles sanguinaires contre le peuple Alg\u00e9rien.<br \/>Pour les alg\u00e9riens qui n\u2019ont jamais baiss\u00e9 les bras ni ne se sont jamais prostern\u00e9s devant les actes vils commis par la France coloniale et les assassins de l\u2019OAS,\u00a0 le 19 mars, c\u2019est la f\u00eate de la victoire c\u00e9l\u00e9br\u00e9e chaque ann\u00e9e, couronn\u00e9e\u00a0 de succ\u00e8s et d\u2019un parcours triomphal qui restera une r\u00e9f\u00e9rence grav\u00e9e \u00e9ternellement dans la lutte de tous les\u00a0 peuples pour la libert\u00e9.<br \/>Il est de notre devoir \u00e0 tous de rappeler ce grand \u00e9v\u00e8nement inscrit dans l\u2019histoire des luttes pour la libert\u00e9, qui est un bout de toutes les m\u00e9moires encore vivaces dans l\u2019esprit de chacun, h\u00e9rit\u00e9 de tous les \u00eatres exceptionnels hommes et femmes qui ont combattu et lutt\u00e9 tout en payant le prix fort pour une Alg\u00e9rie libre et ind\u00e9pendante.<br \/>Il est utile de pr\u00e9ciser que le 19 mars 1962, est une date grav\u00e9e \u00e0\u00a0 jamais pour le peuple Alg\u00e9rien, elle repr\u00e9sente le symbole de la victoire, de la libert\u00e9 retrouv\u00e9e et de la souverainet\u00e9 des peuples \u00e0 disposer d\u2019eux m\u00eame contre le colonialisme, l\u2019imp\u00e9rialisme, la sauvagerie et la barbarie des guerres. Cette journ\u00e9e comm\u00e9morative s\u2019inscrit dans une d\u00e9marche de reconnaissance, de souvenirs, de recueillements \u00e0 la m\u00e9moire de ceux et celles qui sont morts pour une cause juste, pour que vive l\u2019Alg\u00e9rie Alg\u00e9rienne libre.<\/div>\n<\/div>\n<p>Auteur: B. Adda<br \/>\n<a href=\"https:\/\/www.reflexiondz.net\/Le-cessez-le-feu-un-acte-de-memoire_a55002.html\">Cliquez ici pour lire l&rsquo;article depuis sa source.<\/a><\/p>\n","protected":false},"excerpt":{"rendered":"<p>Le cessez-le-feu sign\u00e9 le 19 mars 1962 au lendemain des accords d\u2019Evian, un acte de m\u00e9moire et de v\u00e9rit\u00e9, annonce \u00e9videmment la f\u00eate de la victoire et la fin d&rsquo;une guerre en Alg\u00e9rie qui a dur\u00e9 plus de 7 ans, faisant plus de 1,5 million morts c\u00f4t\u00e9 alg\u00e9rien. Il repr\u00e9sente une paix l\u00e9gitime tant esp\u00e9r\u00e9e [&hellip;]<\/p>\n","protected":false},"author":1740,"featured_media":0,"comment_status":"closed","ping_status":"closed","sticky":false,"template":"","format":"standard","meta":{"fifu_image_url":"","fifu_image_alt":"","footnotes":""},"categories":[53,76],"tags":[],"class_list":["post-22596","post","type-post","status-publish","format-standard","hentry","category-algerie","category-regions"],"_links":{"self":[{"href":"https:\/\/linitiative.ca\/International\/wp-json\/wp\/v2\/posts\/22596","targetHints":{"allow":["GET"]}}],"collection":[{"href":"https:\/\/linitiative.ca\/International\/wp-json\/wp\/v2\/posts"}],"about":[{"href":"https:\/\/linitiative.ca\/International\/wp-json\/wp\/v2\/types\/post"}],"author":[{"embeddable":true,"href":"https:\/\/linitiative.ca\/International\/wp-json\/wp\/v2\/users\/1740"}],"replies":[{"embeddable":true,"href":"https:\/\/linitiative.ca\/International\/wp-json\/wp\/v2\/comments?post=22596"}],"version-history":[{"count":0,"href":"https:\/\/linitiative.ca\/International\/wp-json\/wp\/v2\/posts\/22596\/revisions"}],"wp:attachment":[{"href":"https:\/\/linitiative.ca\/International\/wp-json\/wp\/v2\/media?parent=22596"}],"wp:term":[{"taxonomy":"category","embeddable":true,"href":"https:\/\/linitiative.ca\/International\/wp-json\/wp\/v2\/categories?post=22596"},{"taxonomy":"post_tag","embeddable":true,"href":"https:\/\/linitiative.ca\/International\/wp-json\/wp\/v2\/tags?post=22596"}],"curies":[{"name":"wp","href":"https:\/\/api.w.org\/{rel}","templated":true}]}}