{"id":22622,"date":"2019-03-18T06:00:00","date_gmt":"2019-03-18T10:00:00","guid":{"rendered":"https:\/\/linitiative.ca\/International\/promotion\/"},"modified":"2019-03-18T06:00:00","modified_gmt":"2019-03-18T10:00:00","slug":"promotion","status":"publish","type":"post","link":"https:\/\/linitiative.ca\/International\/promotion\/","title":{"rendered":"Promotion"},"content":{"rendered":"<p>Le ministre du Commerce a inscrit, \u00e0 compter de cette ann\u00e9e, plusieurs manifestations ayant trait aux nouvelles technologies dans le programme officiel des activit\u00e9s soutenues par le Fonds sp\u00e9cial des exportations. Objectif : permettre aux start-up d\u2019avoir une plus grande visibilit\u00e9 mais aussi de faire \u00e9merger la fili\u00e8re.<\/p>\n<p>Auteur:<br \/>\n<a href=\"https:\/\/www.lesoirdalgerie.com\/periscoop\/promotion-20755\">Cliquez ici pour lire l&rsquo;article depuis sa source.<\/a><\/p>\n","protected":false},"excerpt":{"rendered":"<p>Le ministre du Commerce a inscrit, \u00e0 compter de cette ann\u00e9e, plusieurs manifestations ayant trait aux nouvelles technologies dans le programme officiel des activit\u00e9s soutenues par le Fonds sp\u00e9cial des exportations. Objectif : permettre aux start-up d\u2019avoir une plus grande visibilit\u00e9 mais aussi de faire \u00e9merger la fili\u00e8re. Auteur: Cliquez ici pour lire l&rsquo;article depuis [&hellip;]<\/p>\n","protected":false},"author":1741,"featured_media":0,"comment_status":"closed","ping_status":"closed","sticky":false,"template":"","format":"standard","meta":{"fifu_image_url":"","fifu_image_alt":"","footnotes":""},"categories":[73,53],"tags":[],"class_list":["post-22622","post","type-post","status-publish","format-standard","hentry","category-actualite","category-algerie"],"_links":{"self":[{"href":"https:\/\/linitiative.ca\/International\/wp-json\/wp\/v2\/posts\/22622","targetHints":{"allow":["GET"]}}],"collection":[{"href":"https:\/\/linitiative.ca\/International\/wp-json\/wp\/v2\/posts"}],"about":[{"href":"https:\/\/linitiative.ca\/International\/wp-json\/wp\/v2\/types\/post"}],"author":[{"embeddable":true,"href":"https:\/\/linitiative.ca\/International\/wp-json\/wp\/v2\/users\/1741"}],"replies":[{"embeddable":true,"href":"https:\/\/linitiative.ca\/International\/wp-json\/wp\/v2\/comments?post=22622"}],"version-history":[{"count":0,"href":"https:\/\/linitiative.ca\/International\/wp-json\/wp\/v2\/posts\/22622\/revisions"}],"wp:attachment":[{"href":"https:\/\/linitiative.ca\/International\/wp-json\/wp\/v2\/media?parent=22622"}],"wp:term":[{"taxonomy":"category","embeddable":true,"href":"https:\/\/linitiative.ca\/International\/wp-json\/wp\/v2\/categories?post=22622"},{"taxonomy":"post_tag","embeddable":true,"href":"https:\/\/linitiative.ca\/International\/wp-json\/wp\/v2\/tags?post=22622"}],"curies":[{"name":"wp","href":"https:\/\/api.w.org\/{rel}","templated":true}]}}